{"id":7543,"date":"2025-12-01T15:00:22","date_gmt":"2025-12-01T14:00:22","guid":{"rendered":"https:\/\/www.narsa-securiteroutiere.ma\/?p=7543"},"modified":"2025-12-11T15:24:19","modified_gmt":"2025-12-11T14:24:19","slug":"preparer-son-vehicule-pour-la-saison-hivernale","status":"publish","type":"post","link":"https:\/\/www.narsa-securiteroutiere.ma\/fr\/preparer-son-vehicule-pour-la-saison-hivernale\/","title":{"rendered":"Pr\u00e9parer son v\u00e9hicule pour la saison hivernale"},"content":{"rendered":"<p>Avec l\u2019arriv\u00e9e de l\u2019hiver, l\u2019espace routier conna\u00eet une transformation notable en raison des pr\u00e9cipitations, de l\u2019accumulation d\u2019eau sur la chauss\u00e9e, ainsi que de la formation de brouillard et de la baisse de visibilit\u00e9.<br \/>\nCes changements climatiques exercent une pression suppl\u00e9mentaire sur les conducteurs et leurs v\u00e9hicules et augmentent les risques de perte de contr\u00f4le, particuli\u00e8rement pour les usagers vuln\u00e9rables. Cela rend la maintenance pr\u00e9ventive et la pr\u00e9paration anticip\u00e9e essentielles pour pr\u00e9server la s\u00e9curit\u00e9 routi\u00e8re.<\/p>\n<h2><strong>Des conditions m\u00e9t\u00e9orologiques difficiles et leur impact sur le contr\u00f4le du v\u00e9hicule<\/strong><\/h2>\n<p>La pluie cr\u00e9e une fine couche d\u2019eau qui s\u2019interpose entre les pneus et la chauss\u00e9e, ce qui diminue l\u2019adh\u00e9rence et accentue le risque de glissade.<br \/>\nLes \u00e9tudes montrent que le coefficient de friction baisse nettement sur route mouill\u00e9e\u00a0; il passe d\u2019un niveau \u00e9lev\u00e9 sur route s\u00e8che \u00e0 moins de la moiti\u00e9 sous la pluie. Cela se refl\u00e8te directement sur la distance de freinage\u00a0; par exemple, \u00e0 50 km\/h, la distance d\u2019arr\u00eat peut presque doubler par rapport \u00e0 une route s\u00e8che, et elle augmente davantage avec la vitesse, ce qui souligne l\u2019importance du respect de la distance de s\u00e9curit\u00e9.<\/p>\n<p>En parall\u00e8le, le brouillard et les averses affectent la visibilit\u00e9 et accentuent les ph\u00e9nom\u00e8nes d\u2019\u00e9blouissement, surtout la nuit, rendant l\u2019\u00e9valuation des distances plus difficile et limitant la capacit\u00e9 du conducteur \u00e0 r\u00e9agir rapidement. Dans ce contexte, r\u00e9duire la vitesse et adopter une conduite prudente est indispensable.<\/p>\n<p>Ces \u00e9l\u00e9ments mettent en lumi\u00e8re l\u2019importance de la maintenance pr\u00e9ventive avant l\u2019arriv\u00e9e de l\u2019hiver\u00a0; contr\u00f4le des pneus, du syst\u00e8me de freinage et v\u00e9rification du bon fonctionnement des feux.<\/p>\n<p>Les pneus jouent un r\u00f4le crucial en conditions pluvieuses. Leur efficacit\u00e9 d\u00e9pend directement de la profondeur des sculptures et de la pression d\u2019air. La profondeur des rainures doit d\u00e9passer 3 millim\u00e8tres, et la pression doit \u00eatre contr\u00f4l\u00e9e r\u00e9guli\u00e8rement.<\/p>\n<p>La v\u00e9rification du syst\u00e8me de freinage est \u00e9galement primordiale, car son efficacit\u00e9 peut \u00eatre alt\u00e9r\u00e9e par l\u2019humidit\u00e9, rallongeant la distance de freinage.<br \/>\nIl est aussi essentiel de contr\u00f4ler les fluides du v\u00e9hicule : liquide de refroidissement et taux d\u2019antigel, utilisation d\u2019huiles \u00e0 faible viscosit\u00e9, et emploi d\u2019un liquide de lave-glace adapt\u00e9 \u00e0 l\u2019hiver.<\/p>\n<p>La batterie est particuli\u00e8rement sensible au froid et peut perdre jusqu\u2019\u00e0 40 % de sa capacit\u00e9. Il est donc recommand\u00e9 de mesurer sa tension, nettoyer ses bornes et surveiller son anciennet\u00e9.<\/p>\n<p>L\u2019efficacit\u00e9 de l\u2019\u00e9clairage et des essuie-glaces est tout aussi importante\u00a0; des feux fonctionnels et des essuie-glaces en bon \u00e9tat am\u00e9liorent la visibilit\u00e9 et la communication avec les autres usagers dans des conditions m\u00e9t\u00e9orologiques difficiles.<\/p>\n<h2><strong>\u00c9quipements indispensables et comportements pr\u00e9ventifs \u00e0 adopter<\/strong><\/h2>\n<p>En plus des aspects techniques, la p\u00e9riode hivernale exige la pr\u00e9sence de certains \u00e9quipements de s\u00e9curit\u00e9 dans le v\u00e9hicule : triangle de pr\u00e9 signalisation, gilet r\u00e9fl\u00e9chissant, lampe de poche, trousse de premiers secours et kit d\u2019outils basiques pour faire face aux pannes soudaines ou aux arr\u00eats d\u2019urgence.<\/p>\n<p>Les comportements pr\u00e9ventifs restent \u00e9galement d\u00e9terminants pour r\u00e9duire les risques. Ils incluent l\u2019adaptation de la vitesse \u00e0 l\u2019\u00e9tat de la route, le respect de la distance de s\u00e9curit\u00e9, l\u2019utilisation correcte des clignotants, ainsi qu\u2019une bonne planification des trajets tout en \u00e9vitant la conduite sous stress ou fatigue.<\/p>\n<p>Enfin, l\u2019application de ces mesures techniques et comportementales contribue significativement \u00e0 renforcer la s\u00e9curit\u00e9 et \u00e0 r\u00e9duire les risques li\u00e9s aux conditions climatiques difficiles, particuli\u00e8rement lors des p\u00e9riodes o\u00f9 les risques de glissade et de faible visibilit\u00e9 augmentent.<\/p>\n","protected":false},"excerpt":{"rendered":"<p>Avec l\u2019arriv\u00e9e de l\u2019hiver, l\u2019espace routier conna\u00eet une transformation notable en raison des pr\u00e9cipitations, de l\u2019accumulation d\u2019eau sur la chauss\u00e9e, ainsi que de la formation de brouillard et de la baisse de visibilit\u00e9. Ces changements climatiques exercent une pression suppl\u00e9mentaire sur les conducteurs et leurs v\u00e9hicules et augmentent les risques de perte de contr\u00f4le, particuli\u00e8rement [&hellip;]<\/p>\n","protected":false},"author":5,"featured_media":7541,"comment_status":"closed","ping_status":"closed","sticky":false,"template":"","format":"standard","meta":{"footnotes":""},"categories":[163],"tags":[210],"class_list":["post-7543","post","type-post","status-publish","format-standard","has-post-thumbnail","hentry","category-securite-routiere","tag-francais"],"yoast_head":"<!-- This site is optimized with the Yoast SEO plugin v27.1.1 - https:\/\/yoast.com\/product\/yoast-seo-wordpress\/ -->\n<title>Pr\u00e9parer son v\u00e9hicule pour la saison hivernale - S\u00e9curit\u00e9 Routi\u00e8re<\/title>\n<meta name=\"description\" content=\"Avec l\u2019arriv\u00e9e de l\u2019hiver, l\u2019espace routier conna\u00eet une transformation notable en raison des pr\u00e9cipitations, de l\u2019accumulation d\u2019eau sur...\" \/>\n<meta name=\"robots\" content=\"index, follow, max-snippet:-1, max-image-preview:large, max-video-preview:-1\" \/>\n<link rel=\"canonical\" href=\"https:\/\/www.narsa-securiteroutiere.ma\/fr\/preparer-son-vehicule-pour-la-saison-hivernale\/\" \/>\n<meta property=\"og:locale\" content=\"fr_FR\" \/>\n<meta property=\"og:type\" content=\"article\" \/>\n<meta property=\"og:title\" content=\"Pr\u00e9parer son v\u00e9hicule pour la saison hivernale - S\u00e9curit\u00e9 Routi\u00e8re\" \/>\n<meta property=\"og:description\" content=\"Avec l\u2019arriv\u00e9e de l\u2019hiver, l\u2019espace routier conna\u00eet une transformation notable en raison des pr\u00e9cipitations, de l\u2019accumulation d\u2019eau sur...\" \/>\n<meta property=\"og:url\" content=\"https:\/\/www.narsa-securiteroutiere.ma\/fr\/preparer-son-vehicule-pour-la-saison-hivernale\/\" \/>\n<meta property=\"og:site_name\" content=\"S\u00e9curit\u00e9 Routi\u00e8re\" \/>\n<meta property=\"article:published_time\" content=\"2025-12-01T14:00:22+00:00\" \/>\n<meta property=\"article:modified_time\" content=\"2025-12-11T14:24:19+00:00\" \/>\n<meta property=\"og:image\" content=\"https:\/\/www.narsa-securiteroutiere.ma\/wp-content\/uploads\/2025\/12\/Preparer-son-vehicule-pour-la-saison-hivernale.jpg\" \/>\n\t<meta property=\"og:image:width\" content=\"1980\" \/>\n\t<meta property=\"og:image:height\" content=\"1320\" \/>\n\t<meta property=\"og:image:type\" content=\"image\/jpeg\" \/>\n<meta name=\"author\" content=\"admin1\" \/>\n<meta name=\"twitter:card\" content=\"summary_large_image\" \/>\n<meta name=\"twitter:label1\" content=\"\u00c9crit par\" \/>\n\t<meta name=\"twitter:data1\" content=\"admin1\" \/>\n\t<meta name=\"twitter:label2\" content=\"Dur\u00e9e de lecture estim\u00e9e\" \/>\n\t<meta name=\"twitter:data2\" content=\"4 minutes\" \/>\n<script type=\"application\/ld+json\" class=\"yoast-schema-graph\">{\"@context\":\"https:\/\/schema.org\",\"@graph\":[{\"@type\":\"Article\",\"@id\":\"https:\/\/www.narsa-securiteroutiere.ma\/preparer-son-vehicule-pour-la-saison-hivernale\/#article\",\"isPartOf\":{\"@id\":\"https:\/\/www.narsa-securiteroutiere.ma\/preparer-son-vehicule-pour-la-saison-hivernale\/\"},\"author\":{\"name\":\"admin1\",\"@id\":\"https:\/\/www.narsa-securiteroutiere.ma\/fr\/#\/schema\/person\/d4c26f2354e095533951fdc956b6f473\"},\"headline\":\"Pr\u00e9parer son v\u00e9hicule pour la saison hivernale\",\"datePublished\":\"2025-12-01T14:00:22+00:00\",\"dateModified\":\"2025-12-11T14:24:19+00:00\",\"mainEntityOfPage\":{\"@id\":\"https:\/\/www.narsa-securiteroutiere.ma\/preparer-son-vehicule-pour-la-saison-hivernale\/\"},\"wordCount\":653,\"publisher\":{\"@id\":\"https:\/\/www.narsa-securiteroutiere.ma\/fr\/#organization\"},\"image\":{\"@id\":\"https:\/\/www.narsa-securiteroutiere.ma\/preparer-son-vehicule-pour-la-saison-hivernale\/#primaryimage\"},\"thumbnailUrl\":\"https:\/\/www.narsa-securiteroutiere.ma\/wp-content\/uploads\/2025\/12\/Preparer-son-vehicule-pour-la-saison-hivernale.jpg\",\"keywords\":[\"Francais\"],\"articleSection\":[\"S\u00e9curit\u00e9 routi\u00e8re\"],\"inLanguage\":\"fr-FR\"},{\"@type\":\"WebPage\",\"@id\":\"https:\/\/www.narsa-securiteroutiere.ma\/preparer-son-vehicule-pour-la-saison-hivernale\/\",\"url\":\"https:\/\/www.narsa-securiteroutiere.ma\/preparer-son-vehicule-pour-la-saison-hivernale\/\",\"name\":\"Pr\u00e9parer son v\u00e9hicule pour la saison hivernale - S\u00e9curit\u00e9 Routi\u00e8re\",\"isPartOf\":{\"@id\":\"https:\/\/www.narsa-securiteroutiere.ma\/fr\/#website\"},\"primaryImageOfPage\":{\"@id\":\"https:\/\/www.narsa-securiteroutiere.ma\/preparer-son-vehicule-pour-la-saison-hivernale\/#primaryimage\"},\"image\":{\"@id\":\"https:\/\/www.narsa-securiteroutiere.ma\/preparer-son-vehicule-pour-la-saison-hivernale\/#primaryimage\"},\"thumbnailUrl\":\"https:\/\/www.narsa-securiteroutiere.ma\/wp-content\/uploads\/2025\/12\/Preparer-son-vehicule-pour-la-saison-hivernale.jpg\",\"datePublished\":\"2025-12-01T14:00:22+00:00\",\"dateModified\":\"2025-12-11T14:24:19+00:00\",\"description\":\"Avec l\u2019arriv\u00e9e de l\u2019hiver, l\u2019espace routier conna\u00eet une transformation notable en raison des pr\u00e9cipitations, de l\u2019accumulation d\u2019eau sur...\",\"inLanguage\":\"fr-FR\",\"potentialAction\":[{\"@type\":\"ReadAction\",\"target\":[\"https:\/\/www.narsa-securiteroutiere.ma\/preparer-son-vehicule-pour-la-saison-hivernale\/\"]}]},{\"@type\":\"ImageObject\",\"inLanguage\":\"fr-FR\",\"@id\":\"https:\/\/www.narsa-securiteroutiere.ma\/preparer-son-vehicule-pour-la-saison-hivernale\/#primaryimage\",\"url\":\"https:\/\/www.narsa-securiteroutiere.ma\/wp-content\/uploads\/2025\/12\/Preparer-son-vehicule-pour-la-saison-hivernale.jpg\",\"contentUrl\":\"https:\/\/www.narsa-securiteroutiere.ma\/wp-content\/uploads\/2025\/12\/Preparer-son-vehicule-pour-la-saison-hivernale.jpg\",\"width\":1980,\"height\":1320,\"caption\":\"Pr\u00e9parer son v\u00e9hicule pour la saison hivernale\"},{\"@type\":\"WebSite\",\"@id\":\"https:\/\/www.narsa-securiteroutiere.ma\/fr\/#website\",\"url\":\"https:\/\/www.narsa-securiteroutiere.ma\/fr\/\",\"name\":\"S\u00e9curit\u00e9 Routi\u00e8re\",\"description\":\"\",\"publisher\":{\"@id\":\"https:\/\/www.narsa-securiteroutiere.ma\/fr\/#organization\"},\"potentialAction\":[{\"@type\":\"SearchAction\",\"target\":{\"@type\":\"EntryPoint\",\"urlTemplate\":\"https:\/\/www.narsa-securiteroutiere.ma\/fr\/?s={search_term_string}\"},\"query-input\":{\"@type\":\"PropertyValueSpecification\",\"valueRequired\":true,\"valueName\":\"search_term_string\"}}],\"inLanguage\":\"fr-FR\"},{\"@type\":\"Organization\",\"@id\":\"https:\/\/www.narsa-securiteroutiere.ma\/fr\/#organization\",\"name\":\"S\u00e9curit\u00e9 Routi\u00e8re\",\"url\":\"https:\/\/www.narsa-securiteroutiere.ma\/fr\/\",\"logo\":{\"@type\":\"ImageObject\",\"inLanguage\":\"fr-FR\",\"@id\":\"https:\/\/www.narsa-securiteroutiere.ma\/fr\/#\/schema\/logo\/image\/\",\"url\":\"https:\/\/www.narsa-securiteroutiere.ma\/wp-content\/uploads\/2024\/04\/logo-scuriteroutiere.png\",\"contentUrl\":\"https:\/\/www.narsa-securiteroutiere.ma\/wp-content\/uploads\/2024\/04\/logo-scuriteroutiere.png\",\"width\":222,\"height\":137,\"caption\":\"S\u00e9curit\u00e9 Routi\u00e8re\"},\"image\":{\"@id\":\"https:\/\/www.narsa-securiteroutiere.ma\/fr\/#\/schema\/logo\/image\/\"}},{\"@type\":\"Person\",\"@id\":\"https:\/\/www.narsa-securiteroutiere.ma\/fr\/#\/schema\/person\/d4c26f2354e095533951fdc956b6f473\",\"name\":\"admin1\",\"url\":\"https:\/\/www.narsa-securiteroutiere.ma\/fr\/author\/admin1\/\"}]}<\/script>\n<!-- \/ Yoast SEO plugin. -->","yoast_head_json":{"title":"Pr\u00e9parer son v\u00e9hicule pour la saison hivernale - S\u00e9curit\u00e9 Routi\u00e8re","description":"Avec l\u2019arriv\u00e9e de l\u2019hiver, l\u2019espace routier conna\u00eet une transformation notable en raison des pr\u00e9cipitations, de l\u2019accumulation d\u2019eau sur...","robots":{"index":"index","follow":"follow","max-snippet":"max-snippet:-1","max-image-preview":"max-image-preview:large","max-video-preview":"max-video-preview:-1"},"canonical":"https:\/\/www.narsa-securiteroutiere.ma\/fr\/preparer-son-vehicule-pour-la-saison-hivernale\/","og_locale":"fr_FR","og_type":"article","og_title":"Pr\u00e9parer son v\u00e9hicule pour la saison hivernale - S\u00e9curit\u00e9 Routi\u00e8re","og_description":"Avec l\u2019arriv\u00e9e de l\u2019hiver, l\u2019espace routier conna\u00eet une transformation notable en raison des pr\u00e9cipitations, de l\u2019accumulation d\u2019eau sur...","og_url":"https:\/\/www.narsa-securiteroutiere.ma\/fr\/preparer-son-vehicule-pour-la-saison-hivernale\/","og_site_name":"S\u00e9curit\u00e9 Routi\u00e8re","article_published_time":"2025-12-01T14:00:22+00:00","article_modified_time":"2025-12-11T14:24:19+00:00","og_image":[{"width":1980,"height":1320,"url":"https:\/\/www.narsa-securiteroutiere.ma\/wp-content\/uploads\/2025\/12\/Preparer-son-vehicule-pour-la-saison-hivernale.jpg","type":"image\/jpeg"}],"author":"admin1","twitter_card":"summary_large_image","twitter_misc":{"\u00c9crit par":"admin1","Dur\u00e9e de lecture estim\u00e9e":"4 minutes"},"schema":{"@context":"https:\/\/schema.org","@graph":[{"@type":"Article","@id":"https:\/\/www.narsa-securiteroutiere.ma\/preparer-son-vehicule-pour-la-saison-hivernale\/#article","isPartOf":{"@id":"https:\/\/www.narsa-securiteroutiere.ma\/preparer-son-vehicule-pour-la-saison-hivernale\/"},"author":{"name":"admin1","@id":"https:\/\/www.narsa-securiteroutiere.ma\/fr\/#\/schema\/person\/d4c26f2354e095533951fdc956b6f473"},"headline":"Pr\u00e9parer son v\u00e9hicule pour la saison hivernale","datePublished":"2025-12-01T14:00:22+00:00","dateModified":"2025-12-11T14:24:19+00:00","mainEntityOfPage":{"@id":"https:\/\/www.narsa-securiteroutiere.ma\/preparer-son-vehicule-pour-la-saison-hivernale\/"},"wordCount":653,"publisher":{"@id":"https:\/\/www.narsa-securiteroutiere.ma\/fr\/#organization"},"image":{"@id":"https:\/\/www.narsa-securiteroutiere.ma\/preparer-son-vehicule-pour-la-saison-hivernale\/#primaryimage"},"thumbnailUrl":"https:\/\/www.narsa-securiteroutiere.ma\/wp-content\/uploads\/2025\/12\/Preparer-son-vehicule-pour-la-saison-hivernale.jpg","keywords":["Francais"],"articleSection":["S\u00e9curit\u00e9 routi\u00e8re"],"inLanguage":"fr-FR"},{"@type":"WebPage","@id":"https:\/\/www.narsa-securiteroutiere.ma\/preparer-son-vehicule-pour-la-saison-hivernale\/","url":"https:\/\/www.narsa-securiteroutiere.ma\/preparer-son-vehicule-pour-la-saison-hivernale\/","name":"Pr\u00e9parer son v\u00e9hicule pour la saison hivernale - S\u00e9curit\u00e9 Routi\u00e8re","isPartOf":{"@id":"https:\/\/www.narsa-securiteroutiere.ma\/fr\/#website"},"primaryImageOfPage":{"@id":"https:\/\/www.narsa-securiteroutiere.ma\/preparer-son-vehicule-pour-la-saison-hivernale\/#primaryimage"},"image":{"@id":"https:\/\/www.narsa-securiteroutiere.ma\/preparer-son-vehicule-pour-la-saison-hivernale\/#primaryimage"},"thumbnailUrl":"https:\/\/www.narsa-securiteroutiere.ma\/wp-content\/uploads\/2025\/12\/Preparer-son-vehicule-pour-la-saison-hivernale.jpg","datePublished":"2025-12-01T14:00:22+00:00","dateModified":"2025-12-11T14:24:19+00:00","description":"Avec l\u2019arriv\u00e9e de l\u2019hiver, l\u2019espace routier conna\u00eet une transformation notable en raison des pr\u00e9cipitations, de l\u2019accumulation d\u2019eau sur...","inLanguage":"fr-FR","potentialAction":[{"@type":"ReadAction","target":["https:\/\/www.narsa-securiteroutiere.ma\/preparer-son-vehicule-pour-la-saison-hivernale\/"]}]},{"@type":"ImageObject","inLanguage":"fr-FR","@id":"https:\/\/www.narsa-securiteroutiere.ma\/preparer-son-vehicule-pour-la-saison-hivernale\/#primaryimage","url":"https:\/\/www.narsa-securiteroutiere.ma\/wp-content\/uploads\/2025\/12\/Preparer-son-vehicule-pour-la-saison-hivernale.jpg","contentUrl":"https:\/\/www.narsa-securiteroutiere.ma\/wp-content\/uploads\/2025\/12\/Preparer-son-vehicule-pour-la-saison-hivernale.jpg","width":1980,"height":1320,"caption":"Pr\u00e9parer son v\u00e9hicule pour la saison hivernale"},{"@type":"WebSite","@id":"https:\/\/www.narsa-securiteroutiere.ma\/fr\/#website","url":"https:\/\/www.narsa-securiteroutiere.ma\/fr\/","name":"S\u00e9curit\u00e9 Routi\u00e8re","description":"","publisher":{"@id":"https:\/\/www.narsa-securiteroutiere.ma\/fr\/#organization"},"potentialAction":[{"@type":"SearchAction","target":{"@type":"EntryPoint","urlTemplate":"https:\/\/www.narsa-securiteroutiere.ma\/fr\/?s={search_term_string}"},"query-input":{"@type":"PropertyValueSpecification","valueRequired":true,"valueName":"search_term_string"}}],"inLanguage":"fr-FR"},{"@type":"Organization","@id":"https:\/\/www.narsa-securiteroutiere.ma\/fr\/#organization","name":"S\u00e9curit\u00e9 Routi\u00e8re","url":"https:\/\/www.narsa-securiteroutiere.ma\/fr\/","logo":{"@type":"ImageObject","inLanguage":"fr-FR","@id":"https:\/\/www.narsa-securiteroutiere.ma\/fr\/#\/schema\/logo\/image\/","url":"https:\/\/www.narsa-securiteroutiere.ma\/wp-content\/uploads\/2024\/04\/logo-scuriteroutiere.png","contentUrl":"https:\/\/www.narsa-securiteroutiere.ma\/wp-content\/uploads\/2024\/04\/logo-scuriteroutiere.png","width":222,"height":137,"caption":"S\u00e9curit\u00e9 Routi\u00e8re"},"image":{"@id":"https:\/\/www.narsa-securiteroutiere.ma\/fr\/#\/schema\/logo\/image\/"}},{"@type":"Person","@id":"https:\/\/www.narsa-securiteroutiere.ma\/fr\/#\/schema\/person\/d4c26f2354e095533951fdc956b6f473","name":"admin1","url":"https:\/\/www.narsa-securiteroutiere.ma\/fr\/author\/admin1\/"}]}},"_links":{"self":[{"href":"https:\/\/www.narsa-securiteroutiere.ma\/fr\/wp-json\/wp\/v2\/posts\/7543","targetHints":{"allow":["GET"]}}],"collection":[{"href":"https:\/\/www.narsa-securiteroutiere.ma\/fr\/wp-json\/wp\/v2\/posts"}],"about":[{"href":"https:\/\/www.narsa-securiteroutiere.ma\/fr\/wp-json\/wp\/v2\/types\/post"}],"author":[{"embeddable":true,"href":"https:\/\/www.narsa-securiteroutiere.ma\/fr\/wp-json\/wp\/v2\/users\/5"}],"replies":[{"embeddable":true,"href":"https:\/\/www.narsa-securiteroutiere.ma\/fr\/wp-json\/wp\/v2\/comments?post=7543"}],"version-history":[{"count":1,"href":"https:\/\/www.narsa-securiteroutiere.ma\/fr\/wp-json\/wp\/v2\/posts\/7543\/revisions"}],"predecessor-version":[{"id":7544,"href":"https:\/\/www.narsa-securiteroutiere.ma\/fr\/wp-json\/wp\/v2\/posts\/7543\/revisions\/7544"}],"wp:featuredmedia":[{"embeddable":true,"href":"https:\/\/www.narsa-securiteroutiere.ma\/fr\/wp-json\/wp\/v2\/media\/7541"}],"wp:attachment":[{"href":"https:\/\/www.narsa-securiteroutiere.ma\/fr\/wp-json\/wp\/v2\/media?parent=7543"}],"wp:term":[{"taxonomy":"category","embeddable":true,"href":"https:\/\/www.narsa-securiteroutiere.ma\/fr\/wp-json\/wp\/v2\/categories?post=7543"},{"taxonomy":"post_tag","embeddable":true,"href":"https:\/\/www.narsa-securiteroutiere.ma\/fr\/wp-json\/wp\/v2\/tags?post=7543"}],"curies":[{"name":"wp","href":"https:\/\/api.w.org\/{rel}","templated":true}]}}