{"id":7434,"date":"2025-09-09T15:00:39","date_gmt":"2025-09-09T13:00:39","guid":{"rendered":"https:\/\/www.narsa-securiteroutiere.ma\/?p=7434"},"modified":"2025-10-06T17:00:31","modified_gmt":"2025-10-06T15:00:31","slug":"de-et-vers-lecole-adopter-les-bons-reflexes-pour-proteger-les-enfants-sur-la-route","status":"publish","type":"post","link":"https:\/\/www.narsa-securiteroutiere.ma\/fr\/de-et-vers-lecole-adopter-les-bons-reflexes-pour-proteger-les-enfants-sur-la-route\/","title":{"rendered":"De et vers l\u2019\u00e9cole : adopter les bons r\u00e9flexes pour prot\u00e9ger les enfants sur la route"},"content":{"rendered":"<p>\u00c0 l&rsquo;approche de chaque rentr\u00e9e scolaire, la dynamique de la circulation change dans les diff\u00e9rentes zones urbaines, semi-urbaines et rurales, et le trajet scolaire devient un point important qui rassemble les conducteurs, les pi\u00e9tons et les cyclistes, en particulier les enfants qui font partie des usagers vuln\u00e9rables. Cette r\u00e9alit\u00e9 augmente le niveau de risque et fait de la s\u00e9curit\u00e9 routi\u00e8re une question d&rsquo;actualit\u00e9 qui touche l&rsquo;ensemble de la soci\u00e9t\u00e9.<\/p>\n<p>Dans cet article, nous mettons en lumi\u00e8re le contexte particulier de la circulation aux abords des \u00e9coles et proposons des comportements pr\u00e9ventifs et conseils pratiques pour tous les usagers de la route \u2014 conducteurs, cyclistes, pi\u00e9tons et parents \u2014 afin de r\u00e9duire les accidents et prot\u00e9ger les enfants.<\/p>\n<h2><strong>Rentr\u00e9e scolaire et circulation routi\u00e8re<\/strong><\/h2>\n<p>Compte tenu de la densit\u00e9 \u00e9lev\u00e9e du trafic due au d\u00e9placement de milliers d&rsquo;\u00e9l\u00e8ves vers leurs \u00e9tablissements scolaires t\u00f4t le matin et \u00e0 leur retour l&rsquo;apr\u00e8s-midi, les diff\u00e9rentes routes connaissent une circulation inhabituelle.<\/p>\n<p>Ces d\u00e9placements concernent tous les moyens de transport, qu&rsquo;il s&rsquo;agisse de voitures particuli\u00e8res, de bus scolaires, de v\u00e9los ou de motos, ainsi que les pi\u00e9tons, enfants et adultes, ce qui rend l&rsquo;environnement routier plus dense et augmente les risques d&rsquo;accidents de la circulation si les r\u00e8gles de s\u00e9curit\u00e9 ne sont pas respect\u00e9es.<\/p>\n<p>Cette p\u00e9riode est particuli\u00e8rement sensible, car les enfants et les \u00e9l\u00e8ves constituent une cat\u00e9gorie vuln\u00e9rable, qu&rsquo;ils soient pi\u00e9tons, cyclistes ou passagers dans les diff\u00e9rents moyens de transport, ce qui n\u00e9cessite une prudence redoubl\u00e9e. Le respect des r\u00e8gles de s\u00e9curit\u00e9 aux abords des \u00e9tablissements scolaires devient donc une responsabilit\u00e9 collective partag\u00e9e entre les conducteurs, les parents, les \u00e9tablissements scolaires et les diff\u00e9rents acteurs concern\u00e9s.<\/p>\n<p>Le facteur essentiel pour assurer la s\u00e9curit\u00e9 des \u00e9l\u00e8ves sur le chemin de l\u2019\u00e9cole est la prise de conscience de chaque usager de sa responsabilit\u00e9 individuelle. Conducteurs, cyclistes ou pi\u00e9tons doivent agir avec prudence, respecter les limitations de vitesse, c\u00e9der la priorit\u00e9 aux enfants aux passages pi\u00e9tons et rester vigilants \u00e0 l\u2019approche des \u00e9tablissements scolaires, afin de r\u00e9duire les accidents.<\/p>\n<h2><strong>Comportements pr\u00e9ventifs<\/strong><\/h2>\n<p>Pour une rentr\u00e9e scolaire sereine et s\u00e9curis\u00e9e, chaque cat\u00e9gorie d\u2019usagers doit adopter certains comportements qui pr\u00e9viennent les dangers et contribuent \u00e0 la fluidit\u00e9 du trafic.<\/p>\n<p>Ainsi, les conducteurs doivent r\u00e9duire leur vitesse pr\u00e8s des \u00e9coles, respecter les limitations en zones r\u00e9sidentielles et v\u00e9rifier syst\u00e9matiquement les angles morts lors des man\u0153uvres, car des enfants ou cyclistes peuvent s\u2019y trouver.<\/p>\n<p>Il est essentiel de s\u2019arr\u00eater aux passages pi\u00e9tons, de c\u00e9der la priorit\u00e9 aux enfants et aux parents, et d\u2019\u00e9viter le stationnement anarchique devant les \u00e9coles ou sur les trottoirs, car cela r\u00e9duit la visibilit\u00e9 et accro\u00eet les risques.<\/p>\n<p>Les cyclistes et motocyclistes doivent porter un casque et un gilet r\u00e9fl\u00e9chissant, respecter les voies et la signalisation, et \u00e9viter les man\u0153uvres brusques, surtout pr\u00e8s des \u00e9coles et aux heures de pointe.<\/p>\n<p>Quant aux pi\u00e9tons et aux parents, ils doivent utiliser les passages prot\u00e9g\u00e9s, attendre l\u2019arr\u00eat complet des v\u00e9hicules avant de traverser, \u00e9viter toute pr\u00e9cipitation, porter des v\u00eatements clairs ou r\u00e9fl\u00e9chissants pour \u00eatre plus visibles, et accompagner les enfants jusqu\u2019\u00e0 ce qu\u2019ils puissent traverser seuls en s\u00e9curit\u00e9.<\/p>\n<p>Le respect de ces r\u00e8gles contribue donc directement \u00e0 r\u00e9duire le nombre d&rsquo;accidents de la route impliquant des enfants \u00e0 la rentr\u00e9e scolaire.<\/p>\n","protected":false},"excerpt":{"rendered":"<p>\u00c0 l&rsquo;approche de chaque rentr\u00e9e scolaire, la dynamique de la circulation change dans les diff\u00e9rentes zones urbaines, semi-urbaines et rurales, et le trajet scolaire devient un point important qui rassemble les conducteurs, les pi\u00e9tons et les cyclistes, en particulier les enfants qui font partie des usagers vuln\u00e9rables. Cette r\u00e9alit\u00e9 augmente le niveau de risque et [&hellip;]<\/p>\n","protected":false},"author":5,"featured_media":2940,"comment_status":"closed","ping_status":"closed","sticky":false,"template":"","format":"standard","meta":{"footnotes":""},"categories":[157,153,163],"tags":[210],"class_list":["post-7434","post","type-post","status-publish","format-standard","has-post-thumbnail","hentry","category-la-route","category-pietons","category-securite-routiere","tag-francais"],"yoast_head":"<!-- This site is optimized with the Yoast SEO plugin v27.1.1 - https:\/\/yoast.com\/product\/yoast-seo-wordpress\/ -->\n<title>De et vers l\u2019\u00e9cole : adopter les bons r\u00e9flexes pour prot\u00e9ger les enfants sur la route - S\u00e9curit\u00e9 Routi\u00e8re<\/title>\n<meta name=\"description\" content=\"\u00c0 l&#039;approche de chaque rentr\u00e9e scolaire, la dynamique de la circulation change dans les diff\u00e9rentes zones urbaines, semi-urbaines et rurales\" \/>\n<meta name=\"robots\" content=\"index, follow, max-snippet:-1, max-image-preview:large, max-video-preview:-1\" \/>\n<link rel=\"canonical\" href=\"https:\/\/www.narsa-securiteroutiere.ma\/fr\/de-et-vers-lecole-adopter-les-bons-reflexes-pour-proteger-les-enfants-sur-la-route\/\" \/>\n<meta property=\"og:locale\" content=\"fr_FR\" \/>\n<meta property=\"og:type\" content=\"article\" \/>\n<meta property=\"og:title\" content=\"De et vers l\u2019\u00e9cole : adopter les bons r\u00e9flexes pour prot\u00e9ger les enfants sur la route - S\u00e9curit\u00e9 Routi\u00e8re\" \/>\n<meta property=\"og:description\" content=\"\u00c0 l&#039;approche de chaque rentr\u00e9e scolaire, la dynamique de la circulation change dans les diff\u00e9rentes zones urbaines, semi-urbaines et rurales\" \/>\n<meta property=\"og:url\" content=\"https:\/\/www.narsa-securiteroutiere.ma\/fr\/de-et-vers-lecole-adopter-les-bons-reflexes-pour-proteger-les-enfants-sur-la-route\/\" \/>\n<meta property=\"og:site_name\" content=\"S\u00e9curit\u00e9 Routi\u00e8re\" \/>\n<meta property=\"article:published_time\" content=\"2025-09-09T13:00:39+00:00\" \/>\n<meta property=\"article:modified_time\" content=\"2025-10-06T15:00:31+00:00\" \/>\n<meta property=\"og:image\" content=\"https:\/\/www.narsa-securiteroutiere.ma\/wp-content\/uploads\/2020\/09\/enfant-\u00e0-la-SR.png\" \/>\n\t<meta property=\"og:image:width\" content=\"1200\" \/>\n\t<meta property=\"og:image:height\" content=\"610\" \/>\n\t<meta property=\"og:image:type\" content=\"image\/png\" \/>\n<meta name=\"author\" content=\"admin1\" \/>\n<meta name=\"twitter:card\" content=\"summary_large_image\" \/>\n<meta name=\"twitter:label1\" content=\"\u00c9crit par\" \/>\n\t<meta name=\"twitter:data1\" content=\"admin1\" \/>\n\t<meta name=\"twitter:label2\" content=\"Dur\u00e9e de lecture estim\u00e9e\" \/>\n\t<meta name=\"twitter:data2\" content=\"3 minutes\" \/>\n<script type=\"application\/ld+json\" class=\"yoast-schema-graph\">{\"@context\":\"https:\/\/schema.org\",\"@graph\":[{\"@type\":\"Article\",\"@id\":\"https:\/\/www.narsa-securiteroutiere.ma\/de-et-vers-lecole-adopter-les-bons-reflexes-pour-proteger-les-enfants-sur-la-route\/#article\",\"isPartOf\":{\"@id\":\"https:\/\/www.narsa-securiteroutiere.ma\/de-et-vers-lecole-adopter-les-bons-reflexes-pour-proteger-les-enfants-sur-la-route\/\"},\"author\":{\"name\":\"admin1\",\"@id\":\"https:\/\/www.narsa-securiteroutiere.ma\/fr\/#\/schema\/person\/d4c26f2354e095533951fdc956b6f473\"},\"headline\":\"De et vers l\u2019\u00e9cole : adopter les bons r\u00e9flexes pour prot\u00e9ger les enfants sur la route\",\"datePublished\":\"2025-09-09T13:00:39+00:00\",\"dateModified\":\"2025-10-06T15:00:31+00:00\",\"mainEntityOfPage\":{\"@id\":\"https:\/\/www.narsa-securiteroutiere.ma\/de-et-vers-lecole-adopter-les-bons-reflexes-pour-proteger-les-enfants-sur-la-route\/\"},\"wordCount\":639,\"publisher\":{\"@id\":\"https:\/\/www.narsa-securiteroutiere.ma\/fr\/#organization\"},\"image\":{\"@id\":\"https:\/\/www.narsa-securiteroutiere.ma\/de-et-vers-lecole-adopter-les-bons-reflexes-pour-proteger-les-enfants-sur-la-route\/#primaryimage\"},\"thumbnailUrl\":\"https:\/\/www.narsa-securiteroutiere.ma\/wp-content\/uploads\/2020\/09\/enfant-\u00e0-la-SR.png\",\"keywords\":[\"Francais\"],\"articleSection\":[\"La route\",\"Pi\u00e9tons\",\"S\u00e9curit\u00e9 routi\u00e8re\"],\"inLanguage\":\"fr-FR\"},{\"@type\":\"WebPage\",\"@id\":\"https:\/\/www.narsa-securiteroutiere.ma\/de-et-vers-lecole-adopter-les-bons-reflexes-pour-proteger-les-enfants-sur-la-route\/\",\"url\":\"https:\/\/www.narsa-securiteroutiere.ma\/de-et-vers-lecole-adopter-les-bons-reflexes-pour-proteger-les-enfants-sur-la-route\/\",\"name\":\"De et vers l\u2019\u00e9cole : adopter les bons r\u00e9flexes pour prot\u00e9ger les enfants sur la route - S\u00e9curit\u00e9 Routi\u00e8re\",\"isPartOf\":{\"@id\":\"https:\/\/www.narsa-securiteroutiere.ma\/fr\/#website\"},\"primaryImageOfPage\":{\"@id\":\"https:\/\/www.narsa-securiteroutiere.ma\/de-et-vers-lecole-adopter-les-bons-reflexes-pour-proteger-les-enfants-sur-la-route\/#primaryimage\"},\"image\":{\"@id\":\"https:\/\/www.narsa-securiteroutiere.ma\/de-et-vers-lecole-adopter-les-bons-reflexes-pour-proteger-les-enfants-sur-la-route\/#primaryimage\"},\"thumbnailUrl\":\"https:\/\/www.narsa-securiteroutiere.ma\/wp-content\/uploads\/2020\/09\/enfant-\u00e0-la-SR.png\",\"datePublished\":\"2025-09-09T13:00:39+00:00\",\"dateModified\":\"2025-10-06T15:00:31+00:00\",\"description\":\"\u00c0 l'approche de chaque rentr\u00e9e scolaire, la dynamique de la circulation change dans les diff\u00e9rentes zones urbaines, semi-urbaines et rurales\",\"inLanguage\":\"fr-FR\",\"potentialAction\":[{\"@type\":\"ReadAction\",\"target\":[\"https:\/\/www.narsa-securiteroutiere.ma\/de-et-vers-lecole-adopter-les-bons-reflexes-pour-proteger-les-enfants-sur-la-route\/\"]}]},{\"@type\":\"ImageObject\",\"inLanguage\":\"fr-FR\",\"@id\":\"https:\/\/www.narsa-securiteroutiere.ma\/de-et-vers-lecole-adopter-les-bons-reflexes-pour-proteger-les-enfants-sur-la-route\/#primaryimage\",\"url\":\"https:\/\/www.narsa-securiteroutiere.ma\/wp-content\/uploads\/2020\/09\/enfant-\u00e0-la-SR.png\",\"contentUrl\":\"https:\/\/www.narsa-securiteroutiere.ma\/wp-content\/uploads\/2020\/09\/enfant-\u00e0-la-SR.png\",\"width\":1200,\"height\":610},{\"@type\":\"WebSite\",\"@id\":\"https:\/\/www.narsa-securiteroutiere.ma\/fr\/#website\",\"url\":\"https:\/\/www.narsa-securiteroutiere.ma\/fr\/\",\"name\":\"S\u00e9curit\u00e9 Routi\u00e8re\",\"description\":\"\",\"publisher\":{\"@id\":\"https:\/\/www.narsa-securiteroutiere.ma\/fr\/#organization\"},\"potentialAction\":[{\"@type\":\"SearchAction\",\"target\":{\"@type\":\"EntryPoint\",\"urlTemplate\":\"https:\/\/www.narsa-securiteroutiere.ma\/fr\/?s={search_term_string}\"},\"query-input\":{\"@type\":\"PropertyValueSpecification\",\"valueRequired\":true,\"valueName\":\"search_term_string\"}}],\"inLanguage\":\"fr-FR\"},{\"@type\":\"Organization\",\"@id\":\"https:\/\/www.narsa-securiteroutiere.ma\/fr\/#organization\",\"name\":\"S\u00e9curit\u00e9 Routi\u00e8re\",\"url\":\"https:\/\/www.narsa-securiteroutiere.ma\/fr\/\",\"logo\":{\"@type\":\"ImageObject\",\"inLanguage\":\"fr-FR\",\"@id\":\"https:\/\/www.narsa-securiteroutiere.ma\/fr\/#\/schema\/logo\/image\/\",\"url\":\"https:\/\/www.narsa-securiteroutiere.ma\/wp-content\/uploads\/2024\/04\/logo-scuriteroutiere.png\",\"contentUrl\":\"https:\/\/www.narsa-securiteroutiere.ma\/wp-content\/uploads\/2024\/04\/logo-scuriteroutiere.png\",\"width\":222,\"height\":137,\"caption\":\"S\u00e9curit\u00e9 Routi\u00e8re\"},\"image\":{\"@id\":\"https:\/\/www.narsa-securiteroutiere.ma\/fr\/#\/schema\/logo\/image\/\"}},{\"@type\":\"Person\",\"@id\":\"https:\/\/www.narsa-securiteroutiere.ma\/fr\/#\/schema\/person\/d4c26f2354e095533951fdc956b6f473\",\"name\":\"admin1\",\"url\":\"https:\/\/www.narsa-securiteroutiere.ma\/fr\/author\/admin1\/\"}]}<\/script>\n<!-- \/ Yoast SEO plugin. -->","yoast_head_json":{"title":"De et vers l\u2019\u00e9cole : adopter les bons r\u00e9flexes pour prot\u00e9ger les enfants sur la route - S\u00e9curit\u00e9 Routi\u00e8re","description":"\u00c0 l'approche de chaque rentr\u00e9e scolaire, la dynamique de la circulation change dans les diff\u00e9rentes zones urbaines, semi-urbaines et rurales","robots":{"index":"index","follow":"follow","max-snippet":"max-snippet:-1","max-image-preview":"max-image-preview:large","max-video-preview":"max-video-preview:-1"},"canonical":"https:\/\/www.narsa-securiteroutiere.ma\/fr\/de-et-vers-lecole-adopter-les-bons-reflexes-pour-proteger-les-enfants-sur-la-route\/","og_locale":"fr_FR","og_type":"article","og_title":"De et vers l\u2019\u00e9cole : adopter les bons r\u00e9flexes pour prot\u00e9ger les enfants sur la route - S\u00e9curit\u00e9 Routi\u00e8re","og_description":"\u00c0 l'approche de chaque rentr\u00e9e scolaire, la dynamique de la circulation change dans les diff\u00e9rentes zones urbaines, semi-urbaines et rurales","og_url":"https:\/\/www.narsa-securiteroutiere.ma\/fr\/de-et-vers-lecole-adopter-les-bons-reflexes-pour-proteger-les-enfants-sur-la-route\/","og_site_name":"S\u00e9curit\u00e9 Routi\u00e8re","article_published_time":"2025-09-09T13:00:39+00:00","article_modified_time":"2025-10-06T15:00:31+00:00","og_image":[{"width":1200,"height":610,"url":"https:\/\/www.narsa-securiteroutiere.ma\/wp-content\/uploads\/2020\/09\/enfant-\u00e0-la-SR.png","type":"image\/png"}],"author":"admin1","twitter_card":"summary_large_image","twitter_misc":{"\u00c9crit par":"admin1","Dur\u00e9e de lecture estim\u00e9e":"3 minutes"},"schema":{"@context":"https:\/\/schema.org","@graph":[{"@type":"Article","@id":"https:\/\/www.narsa-securiteroutiere.ma\/de-et-vers-lecole-adopter-les-bons-reflexes-pour-proteger-les-enfants-sur-la-route\/#article","isPartOf":{"@id":"https:\/\/www.narsa-securiteroutiere.ma\/de-et-vers-lecole-adopter-les-bons-reflexes-pour-proteger-les-enfants-sur-la-route\/"},"author":{"name":"admin1","@id":"https:\/\/www.narsa-securiteroutiere.ma\/fr\/#\/schema\/person\/d4c26f2354e095533951fdc956b6f473"},"headline":"De et vers l\u2019\u00e9cole : adopter les bons r\u00e9flexes pour prot\u00e9ger les enfants sur la route","datePublished":"2025-09-09T13:00:39+00:00","dateModified":"2025-10-06T15:00:31+00:00","mainEntityOfPage":{"@id":"https:\/\/www.narsa-securiteroutiere.ma\/de-et-vers-lecole-adopter-les-bons-reflexes-pour-proteger-les-enfants-sur-la-route\/"},"wordCount":639,"publisher":{"@id":"https:\/\/www.narsa-securiteroutiere.ma\/fr\/#organization"},"image":{"@id":"https:\/\/www.narsa-securiteroutiere.ma\/de-et-vers-lecole-adopter-les-bons-reflexes-pour-proteger-les-enfants-sur-la-route\/#primaryimage"},"thumbnailUrl":"https:\/\/www.narsa-securiteroutiere.ma\/wp-content\/uploads\/2020\/09\/enfant-\u00e0-la-SR.png","keywords":["Francais"],"articleSection":["La route","Pi\u00e9tons","S\u00e9curit\u00e9 routi\u00e8re"],"inLanguage":"fr-FR"},{"@type":"WebPage","@id":"https:\/\/www.narsa-securiteroutiere.ma\/de-et-vers-lecole-adopter-les-bons-reflexes-pour-proteger-les-enfants-sur-la-route\/","url":"https:\/\/www.narsa-securiteroutiere.ma\/de-et-vers-lecole-adopter-les-bons-reflexes-pour-proteger-les-enfants-sur-la-route\/","name":"De et vers l\u2019\u00e9cole : adopter les bons r\u00e9flexes pour prot\u00e9ger les enfants sur la route - S\u00e9curit\u00e9 Routi\u00e8re","isPartOf":{"@id":"https:\/\/www.narsa-securiteroutiere.ma\/fr\/#website"},"primaryImageOfPage":{"@id":"https:\/\/www.narsa-securiteroutiere.ma\/de-et-vers-lecole-adopter-les-bons-reflexes-pour-proteger-les-enfants-sur-la-route\/#primaryimage"},"image":{"@id":"https:\/\/www.narsa-securiteroutiere.ma\/de-et-vers-lecole-adopter-les-bons-reflexes-pour-proteger-les-enfants-sur-la-route\/#primaryimage"},"thumbnailUrl":"https:\/\/www.narsa-securiteroutiere.ma\/wp-content\/uploads\/2020\/09\/enfant-\u00e0-la-SR.png","datePublished":"2025-09-09T13:00:39+00:00","dateModified":"2025-10-06T15:00:31+00:00","description":"\u00c0 l'approche de chaque rentr\u00e9e scolaire, la dynamique de la circulation change dans les diff\u00e9rentes zones urbaines, semi-urbaines et rurales","inLanguage":"fr-FR","potentialAction":[{"@type":"ReadAction","target":["https:\/\/www.narsa-securiteroutiere.ma\/de-et-vers-lecole-adopter-les-bons-reflexes-pour-proteger-les-enfants-sur-la-route\/"]}]},{"@type":"ImageObject","inLanguage":"fr-FR","@id":"https:\/\/www.narsa-securiteroutiere.ma\/de-et-vers-lecole-adopter-les-bons-reflexes-pour-proteger-les-enfants-sur-la-route\/#primaryimage","url":"https:\/\/www.narsa-securiteroutiere.ma\/wp-content\/uploads\/2020\/09\/enfant-\u00e0-la-SR.png","contentUrl":"https:\/\/www.narsa-securiteroutiere.ma\/wp-content\/uploads\/2020\/09\/enfant-\u00e0-la-SR.png","width":1200,"height":610},{"@type":"WebSite","@id":"https:\/\/www.narsa-securiteroutiere.ma\/fr\/#website","url":"https:\/\/www.narsa-securiteroutiere.ma\/fr\/","name":"S\u00e9curit\u00e9 Routi\u00e8re","description":"","publisher":{"@id":"https:\/\/www.narsa-securiteroutiere.ma\/fr\/#organization"},"potentialAction":[{"@type":"SearchAction","target":{"@type":"EntryPoint","urlTemplate":"https:\/\/www.narsa-securiteroutiere.ma\/fr\/?s={search_term_string}"},"query-input":{"@type":"PropertyValueSpecification","valueRequired":true,"valueName":"search_term_string"}}],"inLanguage":"fr-FR"},{"@type":"Organization","@id":"https:\/\/www.narsa-securiteroutiere.ma\/fr\/#organization","name":"S\u00e9curit\u00e9 Routi\u00e8re","url":"https:\/\/www.narsa-securiteroutiere.ma\/fr\/","logo":{"@type":"ImageObject","inLanguage":"fr-FR","@id":"https:\/\/www.narsa-securiteroutiere.ma\/fr\/#\/schema\/logo\/image\/","url":"https:\/\/www.narsa-securiteroutiere.ma\/wp-content\/uploads\/2024\/04\/logo-scuriteroutiere.png","contentUrl":"https:\/\/www.narsa-securiteroutiere.ma\/wp-content\/uploads\/2024\/04\/logo-scuriteroutiere.png","width":222,"height":137,"caption":"S\u00e9curit\u00e9 Routi\u00e8re"},"image":{"@id":"https:\/\/www.narsa-securiteroutiere.ma\/fr\/#\/schema\/logo\/image\/"}},{"@type":"Person","@id":"https:\/\/www.narsa-securiteroutiere.ma\/fr\/#\/schema\/person\/d4c26f2354e095533951fdc956b6f473","name":"admin1","url":"https:\/\/www.narsa-securiteroutiere.ma\/fr\/author\/admin1\/"}]}},"_links":{"self":[{"href":"https:\/\/www.narsa-securiteroutiere.ma\/fr\/wp-json\/wp\/v2\/posts\/7434","targetHints":{"allow":["GET"]}}],"collection":[{"href":"https:\/\/www.narsa-securiteroutiere.ma\/fr\/wp-json\/wp\/v2\/posts"}],"about":[{"href":"https:\/\/www.narsa-securiteroutiere.ma\/fr\/wp-json\/wp\/v2\/types\/post"}],"author":[{"embeddable":true,"href":"https:\/\/www.narsa-securiteroutiere.ma\/fr\/wp-json\/wp\/v2\/users\/5"}],"replies":[{"embeddable":true,"href":"https:\/\/www.narsa-securiteroutiere.ma\/fr\/wp-json\/wp\/v2\/comments?post=7434"}],"version-history":[{"count":1,"href":"https:\/\/www.narsa-securiteroutiere.ma\/fr\/wp-json\/wp\/v2\/posts\/7434\/revisions"}],"predecessor-version":[{"id":7435,"href":"https:\/\/www.narsa-securiteroutiere.ma\/fr\/wp-json\/wp\/v2\/posts\/7434\/revisions\/7435"}],"wp:featuredmedia":[{"embeddable":true,"href":"https:\/\/www.narsa-securiteroutiere.ma\/fr\/wp-json\/wp\/v2\/media\/2940"}],"wp:attachment":[{"href":"https:\/\/www.narsa-securiteroutiere.ma\/fr\/wp-json\/wp\/v2\/media?parent=7434"}],"wp:term":[{"taxonomy":"category","embeddable":true,"href":"https:\/\/www.narsa-securiteroutiere.ma\/fr\/wp-json\/wp\/v2\/categories?post=7434"},{"taxonomy":"post_tag","embeddable":true,"href":"https:\/\/www.narsa-securiteroutiere.ma\/fr\/wp-json\/wp\/v2\/tags?post=7434"}],"curies":[{"name":"wp","href":"https:\/\/api.w.org\/{rel}","templated":true}]}}