{"id":5987,"date":"2024-02-17T15:41:39","date_gmt":"2024-02-17T14:41:39","guid":{"rendered":"https:\/\/www.narsa-securiteroutiere.ma\/?p=5987"},"modified":"2024-11-12T18:18:17","modified_gmt":"2024-11-12T17:18:17","slug":"campagne-safe-motos-une-demarche-de-communication-dans-un-esprit-responsable","status":"publish","type":"post","link":"https:\/\/www.narsa-securiteroutiere.ma\/fr\/campagne-safe-motos-une-demarche-de-communication-dans-un-esprit-responsable\/","title":{"rendered":"\u00ab Campagne safe Motos \u00bb une d\u00e9marche de communication dans un esprit responsable"},"content":{"rendered":"Plus de 1 400 d\u00e9c\u00e8s ont \u00e9t\u00e9 enregistr\u00e9s parmi les utilisateurs de motos selon les statistiques de l&rsquo;ann\u00e9e 2022, un chiffre alarmant qui a incit\u00e9 l&rsquo;Agence nationale de s\u00e9curit\u00e9 routi\u00e8re \u00e0 lancer un processus de communication int\u00e9gr\u00e9 et \u00e9largi concernant cette cat\u00e9gorie.<\/p>\n<p>Dans cet article, nous examinerons la campagne \u00ab\u00a0Safe Motos\u00a0\u00bb lanc\u00e9e \u00e0 Marrakech, ainsi que ses objectifs et ses buts.<\/p>\n<h3>\u00ab\u00a0Safe Motos\u00a0\u00bb&#8230; une campagne \u00e9largie<\/h3>\n<p>Dans le cadre des activit\u00e9s de comm\u00e9moration de la Journ\u00e9e nationale de la S\u00e9curit\u00e9 Routi\u00e8re en 2024, sous le slogan \u00ab\u00a0Plus de 1 400 d\u00e9c\u00e8s par an parmi les utilisateurs de motos&#8230; redoublons de prudence\u00a0\u00bb, Monsieur Mohamed AbdelJalil, Ministre des Transports et de la Logistique, a pr\u00e9sid\u00e9, aux c\u00f4t\u00e9s du Gouverneur de la r\u00e9gion Marrakech-Safi et du Gouverneur de la Pr\u00e9fecture de Marrakech, le samedi 17 f\u00e9vrier 2024, \u00e0 Marrakech, la c\u00e9r\u00e9monie officielle de lancement du processus de communication int\u00e9gr\u00e9 \u00ab\u00a0Safe Motos\u00a0\u00bb relatif \u00e0 la s\u00e9curit\u00e9 des deux-roues.<\/p>\n<p>Des explications concernant ce programme ont \u00e9t\u00e9 pr\u00e9sent\u00e9es au Ministre et \u00e0 la d\u00e9l\u00e9gation qui l&rsquo;accompagnait. Ils ont \u00e9galement pris connaissance des supports de communication multim\u00e9dia, de la communication directe sur le terrain et d&rsquo;un ensemble de mesures prises par les partenaires et acteurs de la S\u00fbret\u00e9 Nationale, de la Gendarmerie Royale, de la Protection Civile, etc.).<\/p>\n<p>Le ministre a expliqu\u00e9 dans une d\u00e9claration \u00e0 la presse que le programme \u00ab\u00a0Safe Motos\u00a0\u00bb vise \u00e0 r\u00e9duire le nombre de d\u00e9c\u00e8s dus aux accidents de la route, en particulier ceux impliquant des deux-roues, qui repr\u00e9sentent 40% du nombre total de d\u00e9c\u00e8s.<\/p>\n<h3>Motos : un probl\u00e8me pr\u00e9occupant&#8230; pour combien de temps ?<\/h3>\n<p>Les accidents de la route impliquant des motos repr\u00e9sentent un probl\u00e8me significatif et pr\u00e9occupant, comme le r\u00e9v\u00e8lent les statistiques qui indiquent qu&rsquo;ils contribuent \u00e0 environ 40% du nombre total de d\u00e9c\u00e8s. Ce probl\u00e8me affecte principalement les jeunes, avec 44% des accidents impliquant des personnes \u00e2g\u00e9es de 15 \u00e0 29 ans.<\/p>\n<p>C&rsquo;est dans ce contexte que le programme int\u00e9gr\u00e9 \u00ab\u00a0Safe Motos\u00a0\u00bb a \u00e9t\u00e9 lanc\u00e9. Il a \u00e9t\u00e9 \u00e9labor\u00e9 dans le cadre d&rsquo;une approche participative avec tous les acteurs concern\u00e9s et comprend une s\u00e9rie de mesures et de proc\u00e9dures.<\/p>\n<p>Une des mesures les plus importantes de ce programme concerne l&rsquo;intensification des op\u00e9rations de communication et de sensibilisation aupr\u00e8s de cette cat\u00e9gorie d&rsquo;usagers de la route. L&rsquo;objectif est de les encourager \u00e0 respecter le code de la route, en particulier en ce qui concerne le respect des feux tricolores et des panneaux stop. En effet, les donn\u00e9es indiquent que plus de 75% des infractions li\u00e9es \u00e0 ces comportements concernent les motocyclistes. Dans certaines villes, comme Marrakech, ce chiffre atteint m\u00eame 86%.<\/p>\n<p>Une autre initiative vise \u00e0 accro\u00eetre l&rsquo;utilisation de casques r\u00e9pondant aux normes de qualit\u00e9 et de s\u00e9curit\u00e9, car le taux d&rsquo;utilisation actuel ne d\u00e9passe pas 56%. Il est important de souligner qu&rsquo;en portant un casque de protection, les \u00e9tudes scientifiques montrent que la probabilit\u00e9 de d\u00e9c\u00e8s diminue de plus de 45%.<\/p>\n<p>Une autre mesure que l&rsquo;op\u00e9ration vise \u00e0 mettre en place est le renforcement du contr\u00f4le de l&rsquo;utilisation des casques de protection, ainsi que l&rsquo;instauration d&rsquo;une culture de leur utilisation. Dans le cadre d&rsquo;une approche int\u00e9gr\u00e9e combinant sensibilisation et suivi, 50 000 casques de protection seront distribu\u00e9s aux utilisateurs de motos.<\/p>\n<p>La campagne vise \u00e9galement \u00e0 intensifier la surveillance routi\u00e8re en d\u00e9ployant des unit\u00e9s mobiles pour surveiller les infractions et contr\u00f4ler la vitesse \u00e0 l&rsquo;aide de radars fixes. De plus, elle pr\u00e9voit de renforcer la surveillance parmi les distributeurs et les vendeurs de motos afin de garantir que les caract\u00e9ristiques techniques des motos commercialis\u00e9es correspondent \u00e0 leur dossier d&rsquo;homologation. En outre, la campagne soutiendra les projets d&rsquo;am\u00e9lioration des infrastructures routi\u00e8res dans les zones urbaines.\n\n","protected":false},"excerpt":{"rendered":"","protected":false},"author":5,"featured_media":5985,"comment_status":"closed","ping_status":"closed","sticky":false,"template":"","format":"standard","meta":{"footnotes":""},"categories":[192,163],"tags":[210],"class_list":["post-5987","post","type-post","status-publish","format-standard","has-post-thumbnail","hentry","category-moto","category-securite-routiere","tag-francais"],"yoast_head":"<!-- This site is optimized with the Yoast SEO plugin v27.1.1 - https:\/\/yoast.com\/product\/yoast-seo-wordpress\/ -->\n<title>\u00ab Campagne safe Motos \u00bb une d\u00e9marche de communication dans un esprit responsable - S\u00e9curit\u00e9 Routi\u00e8re<\/title>\n<meta name=\"description\" content=\"Plus de 1 400 d\u00e9c\u00e8s ont \u00e9t\u00e9 enregistr\u00e9s parmi les utilisateurs de motos selon les statistiques de l&#039;ann\u00e9e 2022, un chiffre alarmant qui\" \/>\n<meta name=\"robots\" content=\"index, follow, max-snippet:-1, max-image-preview:large, max-video-preview:-1\" \/>\n<link rel=\"canonical\" href=\"https:\/\/www.narsa-securiteroutiere.ma\/fr\/campagne-safe-motos-une-demarche-de-communication-dans-un-esprit-responsable\/\" \/>\n<meta property=\"og:locale\" content=\"fr_FR\" \/>\n<meta property=\"og:type\" content=\"article\" \/>\n<meta property=\"og:title\" content=\"\u00ab Campagne safe Motos \u00bb une d\u00e9marche de communication dans un esprit responsable - S\u00e9curit\u00e9 Routi\u00e8re\" \/>\n<meta property=\"og:description\" content=\"Plus de 1 400 d\u00e9c\u00e8s ont \u00e9t\u00e9 enregistr\u00e9s parmi les utilisateurs de motos selon les statistiques de l&#039;ann\u00e9e 2022, un chiffre alarmant qui\" \/>\n<meta property=\"og:url\" content=\"https:\/\/www.narsa-securiteroutiere.ma\/fr\/campagne-safe-motos-une-demarche-de-communication-dans-un-esprit-responsable\/\" \/>\n<meta property=\"og:site_name\" content=\"S\u00e9curit\u00e9 Routi\u00e8re\" \/>\n<meta property=\"article:published_time\" content=\"2024-02-17T14:41:39+00:00\" \/>\n<meta property=\"article:modified_time\" content=\"2024-11-12T17:18:17+00:00\" \/>\n<meta property=\"og:image\" content=\"https:\/\/www.narsa-securiteroutiere.ma\/wp-content\/uploads\/2024\/02\/2roues.jpg\" \/>\n\t<meta property=\"og:image:width\" content=\"1600\" \/>\n\t<meta property=\"og:image:height\" content=\"900\" \/>\n\t<meta property=\"og:image:type\" content=\"image\/jpeg\" \/>\n<meta name=\"author\" content=\"admin1\" \/>\n<meta name=\"twitter:card\" content=\"summary_large_image\" \/>\n<meta name=\"twitter:label1\" content=\"\u00c9crit par\" \/>\n\t<meta name=\"twitter:data1\" content=\"admin1\" \/>\n\t<meta name=\"twitter:label2\" content=\"Dur\u00e9e de lecture estim\u00e9e\" \/>\n\t<meta name=\"twitter:data2\" content=\"4 minutes\" \/>\n<script type=\"application\/ld+json\" class=\"yoast-schema-graph\">{\"@context\":\"https:\/\/schema.org\",\"@graph\":[{\"@type\":\"Article\",\"@id\":\"https:\/\/www.narsa-securiteroutiere.ma\/fr\/campagne-safe-motos-une-demarche-de-communication-dans-un-esprit-responsable\/#article\",\"isPartOf\":{\"@id\":\"https:\/\/www.narsa-securiteroutiere.ma\/fr\/campagne-safe-motos-une-demarche-de-communication-dans-un-esprit-responsable\/\"},\"author\":{\"name\":\"admin1\",\"@id\":\"https:\/\/www.narsa-securiteroutiere.ma\/fr\/#\/schema\/person\/d4c26f2354e095533951fdc956b6f473\"},\"headline\":\"\u00ab Campagne safe Motos \u00bb une d\u00e9marche de communication dans un esprit responsable\",\"datePublished\":\"2024-02-17T14:41:39+00:00\",\"dateModified\":\"2024-11-12T17:18:17+00:00\",\"mainEntityOfPage\":{\"@id\":\"https:\/\/www.narsa-securiteroutiere.ma\/fr\/campagne-safe-motos-une-demarche-de-communication-dans-un-esprit-responsable\/\"},\"wordCount\":694,\"publisher\":{\"@id\":\"https:\/\/www.narsa-securiteroutiere.ma\/fr\/#organization\"},\"image\":{\"@id\":\"https:\/\/www.narsa-securiteroutiere.ma\/fr\/campagne-safe-motos-une-demarche-de-communication-dans-un-esprit-responsable\/#primaryimage\"},\"thumbnailUrl\":\"https:\/\/www.narsa-securiteroutiere.ma\/wp-content\/uploads\/2024\/02\/2roues.jpg\",\"keywords\":[\"Francais\"],\"articleSection\":[\"MOTO\",\"S\u00e9curit\u00e9 routi\u00e8re\"],\"inLanguage\":\"fr-FR\"},{\"@type\":\"WebPage\",\"@id\":\"https:\/\/www.narsa-securiteroutiere.ma\/fr\/campagne-safe-motos-une-demarche-de-communication-dans-un-esprit-responsable\/\",\"url\":\"https:\/\/www.narsa-securiteroutiere.ma\/fr\/campagne-safe-motos-une-demarche-de-communication-dans-un-esprit-responsable\/\",\"name\":\"\u00ab Campagne safe Motos \u00bb une d\u00e9marche de communication dans un esprit responsable - S\u00e9curit\u00e9 Routi\u00e8re\",\"isPartOf\":{\"@id\":\"https:\/\/www.narsa-securiteroutiere.ma\/fr\/#website\"},\"primaryImageOfPage\":{\"@id\":\"https:\/\/www.narsa-securiteroutiere.ma\/fr\/campagne-safe-motos-une-demarche-de-communication-dans-un-esprit-responsable\/#primaryimage\"},\"image\":{\"@id\":\"https:\/\/www.narsa-securiteroutiere.ma\/fr\/campagne-safe-motos-une-demarche-de-communication-dans-un-esprit-responsable\/#primaryimage\"},\"thumbnailUrl\":\"https:\/\/www.narsa-securiteroutiere.ma\/wp-content\/uploads\/2024\/02\/2roues.jpg\",\"datePublished\":\"2024-02-17T14:41:39+00:00\",\"dateModified\":\"2024-11-12T17:18:17+00:00\",\"description\":\"Plus de 1 400 d\u00e9c\u00e8s ont \u00e9t\u00e9 enregistr\u00e9s parmi les utilisateurs de motos selon les statistiques de l'ann\u00e9e 2022, un chiffre alarmant qui\",\"inLanguage\":\"fr-FR\",\"potentialAction\":[{\"@type\":\"ReadAction\",\"target\":[\"https:\/\/www.narsa-securiteroutiere.ma\/fr\/campagne-safe-motos-une-demarche-de-communication-dans-un-esprit-responsable\/\"]}]},{\"@type\":\"ImageObject\",\"inLanguage\":\"fr-FR\",\"@id\":\"https:\/\/www.narsa-securiteroutiere.ma\/fr\/campagne-safe-motos-une-demarche-de-communication-dans-un-esprit-responsable\/#primaryimage\",\"url\":\"https:\/\/www.narsa-securiteroutiere.ma\/wp-content\/uploads\/2024\/02\/2roues.jpg\",\"contentUrl\":\"https:\/\/www.narsa-securiteroutiere.ma\/wp-content\/uploads\/2024\/02\/2roues.jpg\",\"width\":1600,\"height\":900},{\"@type\":\"WebSite\",\"@id\":\"https:\/\/www.narsa-securiteroutiere.ma\/fr\/#website\",\"url\":\"https:\/\/www.narsa-securiteroutiere.ma\/fr\/\",\"name\":\"S\u00e9curit\u00e9 Routi\u00e8re\",\"description\":\"\",\"publisher\":{\"@id\":\"https:\/\/www.narsa-securiteroutiere.ma\/fr\/#organization\"},\"potentialAction\":[{\"@type\":\"SearchAction\",\"target\":{\"@type\":\"EntryPoint\",\"urlTemplate\":\"https:\/\/www.narsa-securiteroutiere.ma\/fr\/?s={search_term_string}\"},\"query-input\":{\"@type\":\"PropertyValueSpecification\",\"valueRequired\":true,\"valueName\":\"search_term_string\"}}],\"inLanguage\":\"fr-FR\"},{\"@type\":\"Organization\",\"@id\":\"https:\/\/www.narsa-securiteroutiere.ma\/fr\/#organization\",\"name\":\"S\u00e9curit\u00e9 Routi\u00e8re\",\"url\":\"https:\/\/www.narsa-securiteroutiere.ma\/fr\/\",\"logo\":{\"@type\":\"ImageObject\",\"inLanguage\":\"fr-FR\",\"@id\":\"https:\/\/www.narsa-securiteroutiere.ma\/fr\/#\/schema\/logo\/image\/\",\"url\":\"https:\/\/www.narsa-securiteroutiere.ma\/wp-content\/uploads\/2024\/04\/logo-scuriteroutiere.png\",\"contentUrl\":\"https:\/\/www.narsa-securiteroutiere.ma\/wp-content\/uploads\/2024\/04\/logo-scuriteroutiere.png\",\"width\":222,\"height\":137,\"caption\":\"S\u00e9curit\u00e9 Routi\u00e8re\"},\"image\":{\"@id\":\"https:\/\/www.narsa-securiteroutiere.ma\/fr\/#\/schema\/logo\/image\/\"}},{\"@type\":\"Person\",\"@id\":\"https:\/\/www.narsa-securiteroutiere.ma\/fr\/#\/schema\/person\/d4c26f2354e095533951fdc956b6f473\",\"name\":\"admin1\",\"url\":\"https:\/\/www.narsa-securiteroutiere.ma\/fr\/author\/admin1\/\"}]}<\/script>\n<!-- \/ Yoast SEO plugin. -->","yoast_head_json":{"title":"\u00ab Campagne safe Motos \u00bb une d\u00e9marche de communication dans un esprit responsable - S\u00e9curit\u00e9 Routi\u00e8re","description":"Plus de 1 400 d\u00e9c\u00e8s ont \u00e9t\u00e9 enregistr\u00e9s parmi les utilisateurs de motos selon les statistiques de l'ann\u00e9e 2022, un chiffre alarmant qui","robots":{"index":"index","follow":"follow","max-snippet":"max-snippet:-1","max-image-preview":"max-image-preview:large","max-video-preview":"max-video-preview:-1"},"canonical":"https:\/\/www.narsa-securiteroutiere.ma\/fr\/campagne-safe-motos-une-demarche-de-communication-dans-un-esprit-responsable\/","og_locale":"fr_FR","og_type":"article","og_title":"\u00ab Campagne safe Motos \u00bb une d\u00e9marche de communication dans un esprit responsable - S\u00e9curit\u00e9 Routi\u00e8re","og_description":"Plus de 1 400 d\u00e9c\u00e8s ont \u00e9t\u00e9 enregistr\u00e9s parmi les utilisateurs de motos selon les statistiques de l'ann\u00e9e 2022, un chiffre alarmant qui","og_url":"https:\/\/www.narsa-securiteroutiere.ma\/fr\/campagne-safe-motos-une-demarche-de-communication-dans-un-esprit-responsable\/","og_site_name":"S\u00e9curit\u00e9 Routi\u00e8re","article_published_time":"2024-02-17T14:41:39+00:00","article_modified_time":"2024-11-12T17:18:17+00:00","og_image":[{"width":1600,"height":900,"url":"https:\/\/www.narsa-securiteroutiere.ma\/wp-content\/uploads\/2024\/02\/2roues.jpg","type":"image\/jpeg"}],"author":"admin1","twitter_card":"summary_large_image","twitter_misc":{"\u00c9crit par":"admin1","Dur\u00e9e de lecture estim\u00e9e":"4 minutes"},"schema":{"@context":"https:\/\/schema.org","@graph":[{"@type":"Article","@id":"https:\/\/www.narsa-securiteroutiere.ma\/fr\/campagne-safe-motos-une-demarche-de-communication-dans-un-esprit-responsable\/#article","isPartOf":{"@id":"https:\/\/www.narsa-securiteroutiere.ma\/fr\/campagne-safe-motos-une-demarche-de-communication-dans-un-esprit-responsable\/"},"author":{"name":"admin1","@id":"https:\/\/www.narsa-securiteroutiere.ma\/fr\/#\/schema\/person\/d4c26f2354e095533951fdc956b6f473"},"headline":"\u00ab Campagne safe Motos \u00bb une d\u00e9marche de communication dans un esprit responsable","datePublished":"2024-02-17T14:41:39+00:00","dateModified":"2024-11-12T17:18:17+00:00","mainEntityOfPage":{"@id":"https:\/\/www.narsa-securiteroutiere.ma\/fr\/campagne-safe-motos-une-demarche-de-communication-dans-un-esprit-responsable\/"},"wordCount":694,"publisher":{"@id":"https:\/\/www.narsa-securiteroutiere.ma\/fr\/#organization"},"image":{"@id":"https:\/\/www.narsa-securiteroutiere.ma\/fr\/campagne-safe-motos-une-demarche-de-communication-dans-un-esprit-responsable\/#primaryimage"},"thumbnailUrl":"https:\/\/www.narsa-securiteroutiere.ma\/wp-content\/uploads\/2024\/02\/2roues.jpg","keywords":["Francais"],"articleSection":["MOTO","S\u00e9curit\u00e9 routi\u00e8re"],"inLanguage":"fr-FR"},{"@type":"WebPage","@id":"https:\/\/www.narsa-securiteroutiere.ma\/fr\/campagne-safe-motos-une-demarche-de-communication-dans-un-esprit-responsable\/","url":"https:\/\/www.narsa-securiteroutiere.ma\/fr\/campagne-safe-motos-une-demarche-de-communication-dans-un-esprit-responsable\/","name":"\u00ab Campagne safe Motos \u00bb une d\u00e9marche de communication dans un esprit responsable - S\u00e9curit\u00e9 Routi\u00e8re","isPartOf":{"@id":"https:\/\/www.narsa-securiteroutiere.ma\/fr\/#website"},"primaryImageOfPage":{"@id":"https:\/\/www.narsa-securiteroutiere.ma\/fr\/campagne-safe-motos-une-demarche-de-communication-dans-un-esprit-responsable\/#primaryimage"},"image":{"@id":"https:\/\/www.narsa-securiteroutiere.ma\/fr\/campagne-safe-motos-une-demarche-de-communication-dans-un-esprit-responsable\/#primaryimage"},"thumbnailUrl":"https:\/\/www.narsa-securiteroutiere.ma\/wp-content\/uploads\/2024\/02\/2roues.jpg","datePublished":"2024-02-17T14:41:39+00:00","dateModified":"2024-11-12T17:18:17+00:00","description":"Plus de 1 400 d\u00e9c\u00e8s ont \u00e9t\u00e9 enregistr\u00e9s parmi les utilisateurs de motos selon les statistiques de l'ann\u00e9e 2022, un chiffre alarmant qui","inLanguage":"fr-FR","potentialAction":[{"@type":"ReadAction","target":["https:\/\/www.narsa-securiteroutiere.ma\/fr\/campagne-safe-motos-une-demarche-de-communication-dans-un-esprit-responsable\/"]}]},{"@type":"ImageObject","inLanguage":"fr-FR","@id":"https:\/\/www.narsa-securiteroutiere.ma\/fr\/campagne-safe-motos-une-demarche-de-communication-dans-un-esprit-responsable\/#primaryimage","url":"https:\/\/www.narsa-securiteroutiere.ma\/wp-content\/uploads\/2024\/02\/2roues.jpg","contentUrl":"https:\/\/www.narsa-securiteroutiere.ma\/wp-content\/uploads\/2024\/02\/2roues.jpg","width":1600,"height":900},{"@type":"WebSite","@id":"https:\/\/www.narsa-securiteroutiere.ma\/fr\/#website","url":"https:\/\/www.narsa-securiteroutiere.ma\/fr\/","name":"S\u00e9curit\u00e9 Routi\u00e8re","description":"","publisher":{"@id":"https:\/\/www.narsa-securiteroutiere.ma\/fr\/#organization"},"potentialAction":[{"@type":"SearchAction","target":{"@type":"EntryPoint","urlTemplate":"https:\/\/www.narsa-securiteroutiere.ma\/fr\/?s={search_term_string}"},"query-input":{"@type":"PropertyValueSpecification","valueRequired":true,"valueName":"search_term_string"}}],"inLanguage":"fr-FR"},{"@type":"Organization","@id":"https:\/\/www.narsa-securiteroutiere.ma\/fr\/#organization","name":"S\u00e9curit\u00e9 Routi\u00e8re","url":"https:\/\/www.narsa-securiteroutiere.ma\/fr\/","logo":{"@type":"ImageObject","inLanguage":"fr-FR","@id":"https:\/\/www.narsa-securiteroutiere.ma\/fr\/#\/schema\/logo\/image\/","url":"https:\/\/www.narsa-securiteroutiere.ma\/wp-content\/uploads\/2024\/04\/logo-scuriteroutiere.png","contentUrl":"https:\/\/www.narsa-securiteroutiere.ma\/wp-content\/uploads\/2024\/04\/logo-scuriteroutiere.png","width":222,"height":137,"caption":"S\u00e9curit\u00e9 Routi\u00e8re"},"image":{"@id":"https:\/\/www.narsa-securiteroutiere.ma\/fr\/#\/schema\/logo\/image\/"}},{"@type":"Person","@id":"https:\/\/www.narsa-securiteroutiere.ma\/fr\/#\/schema\/person\/d4c26f2354e095533951fdc956b6f473","name":"admin1","url":"https:\/\/www.narsa-securiteroutiere.ma\/fr\/author\/admin1\/"}]}},"_links":{"self":[{"href":"https:\/\/www.narsa-securiteroutiere.ma\/fr\/wp-json\/wp\/v2\/posts\/5987","targetHints":{"allow":["GET"]}}],"collection":[{"href":"https:\/\/www.narsa-securiteroutiere.ma\/fr\/wp-json\/wp\/v2\/posts"}],"about":[{"href":"https:\/\/www.narsa-securiteroutiere.ma\/fr\/wp-json\/wp\/v2\/types\/post"}],"author":[{"embeddable":true,"href":"https:\/\/www.narsa-securiteroutiere.ma\/fr\/wp-json\/wp\/v2\/users\/5"}],"replies":[{"embeddable":true,"href":"https:\/\/www.narsa-securiteroutiere.ma\/fr\/wp-json\/wp\/v2\/comments?post=5987"}],"version-history":[{"count":4,"href":"https:\/\/www.narsa-securiteroutiere.ma\/fr\/wp-json\/wp\/v2\/posts\/5987\/revisions"}],"predecessor-version":[{"id":7016,"href":"https:\/\/www.narsa-securiteroutiere.ma\/fr\/wp-json\/wp\/v2\/posts\/5987\/revisions\/7016"}],"wp:featuredmedia":[{"embeddable":true,"href":"https:\/\/www.narsa-securiteroutiere.ma\/fr\/wp-json\/wp\/v2\/media\/5985"}],"wp:attachment":[{"href":"https:\/\/www.narsa-securiteroutiere.ma\/fr\/wp-json\/wp\/v2\/media?parent=5987"}],"wp:term":[{"taxonomy":"category","embeddable":true,"href":"https:\/\/www.narsa-securiteroutiere.ma\/fr\/wp-json\/wp\/v2\/categories?post=5987"},{"taxonomy":"post_tag","embeddable":true,"href":"https:\/\/www.narsa-securiteroutiere.ma\/fr\/wp-json\/wp\/v2\/tags?post=5987"}],"curies":[{"name":"wp","href":"https:\/\/api.w.org\/{rel}","templated":true}]}}