{"id":7673,"date":"2026-04-28T16:35:16","date_gmt":"2026-04-28T14:35:16","guid":{"rendered":"https:\/\/www.narsa-securiteroutiere.ma\/?p=7673"},"modified":"2026-04-28T17:36:52","modified_gmt":"2026-04-28T15:36:52","slug":"la-securite-routiere-partie-integrante-du-systeme-de-securite-au-travail","status":"publish","type":"post","link":"https:\/\/www.narsa-securiteroutiere.ma\/ar\/la-securite-routiere-partie-integrante-du-systeme-de-securite-au-travail\/","title":{"rendered":"La s\u00e9curit\u00e9 routi\u00e8re partie int\u00e9grante du syst\u00e8me de s\u00e9curit\u00e9 au travail"},"content":{"rendered":"<p>La Journ\u00e9e mondiale de la s\u00e9curit\u00e9 et de la sant\u00e9 au travail, c\u00e9l\u00e9br\u00e9e le 28 avril de chaque ann\u00e9e, constitue une occasion importante pour rappeler les diff\u00e9rentes mesures de pr\u00e9vention en milieu professionnel et garantir la s\u00e9curit\u00e9 des salari\u00e9s.<\/p>\n<p>Dans ce contexte, la s\u00e9curit\u00e9 routi\u00e8re rev\u00eat une importance particuli\u00e8re, en raison de son lien direct avec les d\u00e9placements quotidiens des salari\u00e9s et des employ\u00e9s, que ce soit entre leur domicile et leur lieu de travail ou dans le cadre de leurs missions professionnelles. Cela s&rsquo;impose d&rsquo;autant plus dans un contexte de mobilit\u00e9 croissante et de diversification des moyens de transport, ce qui renforce la n\u00e9cessit\u00e9 d&rsquo;adopter des pratiques pr\u00e9ventives visant \u00e0 prot\u00e9ger les usagers de la route, notamment les cat\u00e9gories professionnelles qui passent une grande partie de leur temps sur la route.<\/p>\n<p>La loi n\u00b0 18-12 relative \u00e0 la r\u00e9paration des accidents du travail et des maladies professionnelles consid\u00e8re comme accident du travail tout accident survenu lors du trajet entre le domicile et le lieu de travail, ou lors de l\u2019ex\u00e9cution d\u2019une mission professionnelle, d\u00e8s lors que les conditions l\u00e9gales sont remplies\u00a0:<\/p>\n<ul>\n<li><strong>L\u2019accident de mission<\/strong> : survenant lors d\u2019un d\u00e9placement dans le cadre d\u2019une mission professionnelle (d\u00e9placements entre sites, transport de marchandises). La responsabilit\u00e9 de l\u2019employeur y est plus directement engag\u00e9e.<\/li>\n<li><strong>L\u2019accident de trajet<\/strong> : survenant lors des d\u00e9placements entre le domicile et le lieu de travail, ou entre le lieu de travail et le lieu de restauration, \u00e0 condition qu\u2019ils s\u2019effectuent sur le trajet habituel sans interruption injustifi\u00e9e.<\/li>\n<\/ul>\n<h2><strong>Les risques li\u00e9s aux d\u00e9placements professionnels et leurs impacts sur la s\u00e9curit\u00e9 routi\u00e8re<\/strong><\/h2>\n<p>Les donn\u00e9es statistiques indiquent qu&rsquo;une part importante des accidents de la route sont li\u00e9s \u00e0 des d\u00e9placements professionnels, ce qui confirme que la s\u00e9curit\u00e9 routi\u00e8re est une composante indissociable de la s\u00e9curit\u00e9 au travail. Ainsi, en 2022, la r\u00e9partition des conducteurs impliqu\u00e9s et victimes selon la nature du trajet effectu\u00e9 r\u00e9v\u00e8le que, pour les d\u00e9placements domicile-travail, on a enregistr\u00e9 459 tu\u00e9s, 21 180 bless\u00e9s l\u00e9gers et 1 683 bless\u00e9s graves. Les accidents li\u00e9s \u00e0 l&rsquo;utilisation professionnelle engendrent quant \u00e0 eux 115 tu\u00e9s, 5 999 bless\u00e9s l\u00e9gers et 437 bless\u00e9s graves. Ces chiffres refl\u00e8tent l&rsquo;ampleur du risque routier professionnel et l&rsquo;urgence d&rsquo;une prise en charge structur\u00e9e au sein des institutions.<\/p>\n<p>Les facteurs de risque sont multiples. Ils ne se limitent pas aux exc\u00e8s de vitesse, au non-respect des distances de s\u00e9curit\u00e9 ou \u00e0 la distraction li\u00e9e \u00e0 l&rsquo;usage du t\u00e9l\u00e9phone au volant, mais englobent \u00e9galement la fatigue et l&rsquo;\u00e9puisement dus aux longues heures de travail, la somnolence et la baisse de vigilance, le stress et la pression professionnelle, ainsi que la surcharge et l&rsquo;\u00e9tat m\u00e9canique des v\u00e9hicules,\u00a0 sans oublier les facteurs li\u00e9s \u00e0 la sant\u00e9 physique et mentale et la prise de substances pouvant alt\u00e9rer la concentration et les r\u00e9flexes des conducteurs.<\/p>\n<p>Les conducteurs de deux-roues motoris\u00e9s, particuli\u00e8rement vuln\u00e9rables, sont expos\u00e9s dans le cadre de leurs activit\u00e9s professionnelles \u00e0 des risques importants, notamment en l\u2019absence de port du casque ou de modifications techniques apport\u00e9es aux caract\u00e9ristiques de leurs v\u00e9hicules ou en cas de non-respect des r\u00e8gles de circulation en g\u00e9n\u00e9ral.<\/p>\n<p>Par ailleurs, il est essentiel de redoubler de prudence lors des d\u00e9placements professionnels en cas de conditions m\u00e9t\u00e9orologiques d\u00e9favorables (pluie, brouillard&#8230;) qui augmentent consid\u00e9rablement les risques routiers. En effet, ces conditions d\u00e9gradent la visibilit\u00e9 et les capacit\u00e9s de conduite, tout en augmentant le risque de d\u00e9rapage. Elles imposent donc une vigilance renforc\u00e9e et une conduite particuli\u00e8rement prudente<\/p>\n<h2><strong>Renforcer<\/strong> <strong>la culture de la s\u00e9curit\u00e9 routi\u00e8re en milieux professionnels<\/strong><\/h2>\n<p>L\u2019int\u00e9gration de la s\u00e9curit\u00e9 routi\u00e8re dans les politiques de s\u00e9curit\u00e9 au travail constitue un levier essentiel pour r\u00e9duire les accidents li\u00e9s aux d\u00e9placements professionnels. Dans ce cadre, les entreprises en particulier sont appel\u00e9es \u00e0 adopter un ensemble de mesures pratiques dans le cadre de leur syst\u00e8me de gestion, telles que le contr\u00f4le technique r\u00e9gulier des v\u00e9hicules, la planification rationnelle des d\u00e9placements, le suivi de l\u2019\u00e9tat de sant\u00e9 des conducteurs, notamment professionnels, ainsi que le recours aux nouvelles technologies, etc. Elles sont \u00e9galement appel\u00e9es \u00e0 mettre en place des programmes de sensibilisation et de formation au profit de leurs employ\u00e9s et salari\u00e9s, visant \u00e0 promouvoir le respect du Code de la route et l\u2019adoption de pratiques pr\u00e9ventives en conduite.<\/p>\n<p>Dans ce cadre, il est \u00e0 signaler que l&rsquo;Agence Nationale de la S\u00e9curit\u00e9 Routi\u00e8re (NARSA) joue un r\u00f4le important dans l&rsquo;\u00e9laboration et l&rsquo;encadrement de programmes de sensibilisation et de formation portant sur les facteurs de risque routier et les mesures de pr\u00e9vention, dans le cadre de l&rsquo;accompagnement des acteurs socio-\u00e9conomiques et professionnels, ainsi que les diff\u00e9rents intervenants dans le domaine de la s\u00e9curit\u00e9 routi\u00e8re.<\/p>\n<p>Ces efforts visent \u00e0 ancrer une culture de la s\u00e9curit\u00e9 routi\u00e8re en milieu professionnel, \u00e0 renforcer l&rsquo;identification et l&rsquo;\u00e9valuation des facteurs de risques sur la route, et \u00e0 proposer des mesures pratiques pour am\u00e9liorer les comportements des usagers de la route en g\u00e9n\u00e9ral, et des conducteurs professionnels en particulier.<\/p>\n<p>La NARSA \u0153uvre \u00e9galement \u00e0 soutenir les initiatives visant \u00e0 int\u00e9grer la s\u00e9curit\u00e9 routi\u00e8re dans les politiques de gestion des entreprises, en tant que levier essentiel de pr\u00e9vention des accidents de la route et d&rsquo;am\u00e9lioration de la s\u00e9curit\u00e9 des conducteurs sur l&rsquo;espace routier.<\/p>\n<p>En conclusion, la s\u00e9curit\u00e9 routi\u00e8re ne peut \u00eatre dissoci\u00e9e de la s\u00e9curit\u00e9 au travail. Elle repose \u00e0 la fois sur l\u2019engagement des institutions et sur la responsabilit\u00e9 individuelle de chaque usager de la route. Son objectif est d\u2019adopter des comportements prudents et d\u2019anticiper les risques, ce qui contribue \u00e0 r\u00e9duire les accidents de la circulation, \u00e0 pr\u00e9server des vies et \u00e0 renforcer durablement la s\u00e9curit\u00e9 dans le milieu professionnel.<\/p>","protected":false},"excerpt":{"rendered":"<p>La Journ\u00e9e mondiale de la s\u00e9curit\u00e9 et de la sant\u00e9 au travail, c\u00e9l\u00e9br\u00e9e le 28 avril de chaque ann\u00e9e, constitue une occasion importante pour rappeler les diff\u00e9rentes mesures de pr\u00e9vention en milieu professionnel et garantir la s\u00e9curit\u00e9 des salari\u00e9s. Dans ce contexte, la s\u00e9curit\u00e9 routi\u00e8re rev\u00eat une importance particuli\u00e8re, en raison de son lien direct [&hellip;]<\/p>\n","protected":false},"author":5,"featured_media":7675,"comment_status":"closed","ping_status":"closed","sticky":false,"template":"","format":"standard","meta":{"footnotes":""},"categories":[163],"tags":[210],"class_list":["post-7673","post","type-post","status-publish","format-standard","has-post-thumbnail","hentry","category-securite-routiere","tag-francais"],"yoast_head":"<!-- This site is optimized with the Yoast SEO plugin v27.1.1 - https:\/\/yoast.com\/product\/yoast-seo-wordpress\/ -->\n<title>La s\u00e9curit\u00e9 routi\u00e8re partie int\u00e9grante du syst\u00e8me de s\u00e9curit\u00e9 au travail - S\u00e9curit\u00e9 Routi\u00e8re<\/title>\n<meta name=\"description\" content=\"La Journ\u00e9e mondiale de la s\u00e9curit\u00e9 et de la sant\u00e9 au travail, c\u00e9l\u00e9br\u00e9e le 28 avril de chaque ann\u00e9e, constitue une occasion importante\" \/>\n<meta name=\"robots\" content=\"index, follow, max-snippet:-1, max-image-preview:large, max-video-preview:-1\" \/>\n<link rel=\"canonical\" href=\"https:\/\/www.narsa-securiteroutiere.ma\/ar\/la-securite-routiere-partie-integrante-du-systeme-de-securite-au-travail\/\" \/>\n<meta property=\"og:locale\" content=\"ar_AR\" \/>\n<meta property=\"og:type\" content=\"article\" \/>\n<meta property=\"og:title\" content=\"La s\u00e9curit\u00e9 routi\u00e8re partie int\u00e9grante du syst\u00e8me de s\u00e9curit\u00e9 au travail - S\u00e9curit\u00e9 Routi\u00e8re\" \/>\n<meta property=\"og:description\" content=\"La Journ\u00e9e mondiale de la s\u00e9curit\u00e9 et de la sant\u00e9 au travail, c\u00e9l\u00e9br\u00e9e le 28 avril de chaque ann\u00e9e, constitue une occasion importante\" \/>\n<meta property=\"og:url\" content=\"https:\/\/www.narsa-securiteroutiere.ma\/ar\/la-securite-routiere-partie-integrante-du-systeme-de-securite-au-travail\/\" \/>\n<meta property=\"og:site_name\" content=\"S\u00e9curit\u00e9 Routi\u00e8re\" \/>\n<meta property=\"article:published_time\" content=\"2026-04-28T14:35:16+00:00\" \/>\n<meta property=\"article:modified_time\" content=\"2026-04-28T15:36:52+00:00\" \/>\n<meta property=\"og:image\" content=\"https:\/\/www.narsa-securiteroutiere.ma\/wp-content\/uploads\/2026\/04\/article-img-jmst-blog.png\" \/>\n\t<meta property=\"og:image:width\" content=\"1024\" \/>\n\t<meta property=\"og:image:height\" content=\"868\" \/>\n\t<meta property=\"og:image:type\" content=\"image\/png\" \/>\n<meta name=\"author\" content=\"admin1\" \/>\n<meta name=\"twitter:card\" content=\"summary_large_image\" \/>\n<meta name=\"twitter:label1\" content=\"\u0643\u064f\u062a\u0628 \u0628\u0648\u0627\u0633\u0637\u0629\" \/>\n\t<meta name=\"twitter:data1\" content=\"admin1\" \/>\n\t<meta name=\"twitter:label2\" content=\"\u0648\u0642\u062a \u0627\u0644\u0642\u0631\u0627\u0621\u0629 \u0627\u0644\u0645\u064f\u0642\u062f\u0651\u0631\" \/>\n\t<meta name=\"twitter:data2\" content=\"5 \u062f\u0642\u0627\u0626\u0642\" \/>\n<script type=\"application\/ld+json\" class=\"yoast-schema-graph\">{\"@context\":\"https:\/\/schema.org\",\"@graph\":[{\"@type\":\"Article\",\"@id\":\"https:\/\/www.narsa-securiteroutiere.ma\/la-securite-routiere-partie-integrante-du-systeme-de-securite-au-travail\/#article\",\"isPartOf\":{\"@id\":\"https:\/\/www.narsa-securiteroutiere.ma\/la-securite-routiere-partie-integrante-du-systeme-de-securite-au-travail\/\"},\"author\":{\"name\":\"admin1\",\"@id\":\"https:\/\/www.narsa-securiteroutiere.ma\/fr\/#\/schema\/person\/d4c26f2354e095533951fdc956b6f473\"},\"headline\":\"La s\u00e9curit\u00e9 routi\u00e8re partie int\u00e9grante du syst\u00e8me de s\u00e9curit\u00e9 au travail\",\"datePublished\":\"2026-04-28T14:35:16+00:00\",\"dateModified\":\"2026-04-28T15:36:52+00:00\",\"mainEntityOfPage\":{\"@id\":\"https:\/\/www.narsa-securiteroutiere.ma\/la-securite-routiere-partie-integrante-du-systeme-de-securite-au-travail\/\"},\"wordCount\":1069,\"publisher\":{\"@id\":\"https:\/\/www.narsa-securiteroutiere.ma\/fr\/#organization\"},\"image\":{\"@id\":\"https:\/\/www.narsa-securiteroutiere.ma\/la-securite-routiere-partie-integrante-du-systeme-de-securite-au-travail\/#primaryimage\"},\"thumbnailUrl\":\"https:\/\/www.narsa-securiteroutiere.ma\/wp-content\/uploads\/2026\/04\/article-img-jmst-blog.png\",\"keywords\":[\"Francais\"],\"articleSection\":[\"S\u00e9curit\u00e9 routi\u00e8re\"],\"inLanguage\":\"ar\"},{\"@type\":\"WebPage\",\"@id\":\"https:\/\/www.narsa-securiteroutiere.ma\/la-securite-routiere-partie-integrante-du-systeme-de-securite-au-travail\/\",\"url\":\"https:\/\/www.narsa-securiteroutiere.ma\/la-securite-routiere-partie-integrante-du-systeme-de-securite-au-travail\/\",\"name\":\"La s\u00e9curit\u00e9 routi\u00e8re partie int\u00e9grante du syst\u00e8me de s\u00e9curit\u00e9 au travail - S\u00e9curit\u00e9 Routi\u00e8re\",\"isPartOf\":{\"@id\":\"https:\/\/www.narsa-securiteroutiere.ma\/fr\/#website\"},\"primaryImageOfPage\":{\"@id\":\"https:\/\/www.narsa-securiteroutiere.ma\/la-securite-routiere-partie-integrante-du-systeme-de-securite-au-travail\/#primaryimage\"},\"image\":{\"@id\":\"https:\/\/www.narsa-securiteroutiere.ma\/la-securite-routiere-partie-integrante-du-systeme-de-securite-au-travail\/#primaryimage\"},\"thumbnailUrl\":\"https:\/\/www.narsa-securiteroutiere.ma\/wp-content\/uploads\/2026\/04\/article-img-jmst-blog.png\",\"datePublished\":\"2026-04-28T14:35:16+00:00\",\"dateModified\":\"2026-04-28T15:36:52+00:00\",\"description\":\"La Journ\u00e9e mondiale de la s\u00e9curit\u00e9 et de la sant\u00e9 au travail, c\u00e9l\u00e9br\u00e9e le 28 avril de chaque ann\u00e9e, constitue une occasion importante\",\"inLanguage\":\"ar\",\"potentialAction\":[{\"@type\":\"ReadAction\",\"target\":[\"https:\/\/www.narsa-securiteroutiere.ma\/la-securite-routiere-partie-integrante-du-systeme-de-securite-au-travail\/\"]}]},{\"@type\":\"ImageObject\",\"inLanguage\":\"ar\",\"@id\":\"https:\/\/www.narsa-securiteroutiere.ma\/la-securite-routiere-partie-integrante-du-systeme-de-securite-au-travail\/#primaryimage\",\"url\":\"https:\/\/www.narsa-securiteroutiere.ma\/wp-content\/uploads\/2026\/04\/article-img-jmst-blog.png\",\"contentUrl\":\"https:\/\/www.narsa-securiteroutiere.ma\/wp-content\/uploads\/2026\/04\/article-img-jmst-blog.png\",\"width\":1024,\"height\":868},{\"@type\":\"WebSite\",\"@id\":\"https:\/\/www.narsa-securiteroutiere.ma\/fr\/#website\",\"url\":\"https:\/\/www.narsa-securiteroutiere.ma\/fr\/\",\"name\":\"S\u00e9curit\u00e9 Routi\u00e8re\",\"description\":\"\",\"publisher\":{\"@id\":\"https:\/\/www.narsa-securiteroutiere.ma\/fr\/#organization\"},\"potentialAction\":[{\"@type\":\"SearchAction\",\"target\":{\"@type\":\"EntryPoint\",\"urlTemplate\":\"https:\/\/www.narsa-securiteroutiere.ma\/fr\/?s={search_term_string}\"},\"query-input\":{\"@type\":\"PropertyValueSpecification\",\"valueRequired\":true,\"valueName\":\"search_term_string\"}}],\"inLanguage\":\"ar\"},{\"@type\":\"Organization\",\"@id\":\"https:\/\/www.narsa-securiteroutiere.ma\/fr\/#organization\",\"name\":\"S\u00e9curit\u00e9 Routi\u00e8re\",\"url\":\"https:\/\/www.narsa-securiteroutiere.ma\/fr\/\",\"logo\":{\"@type\":\"ImageObject\",\"inLanguage\":\"ar\",\"@id\":\"https:\/\/www.narsa-securiteroutiere.ma\/fr\/#\/schema\/logo\/image\/\",\"url\":\"https:\/\/www.narsa-securiteroutiere.ma\/wp-content\/uploads\/2024\/04\/logo-scuriteroutiere.png\",\"contentUrl\":\"https:\/\/www.narsa-securiteroutiere.ma\/wp-content\/uploads\/2024\/04\/logo-scuriteroutiere.png\",\"width\":222,\"height\":137,\"caption\":\"S\u00e9curit\u00e9 Routi\u00e8re\"},\"image\":{\"@id\":\"https:\/\/www.narsa-securiteroutiere.ma\/fr\/#\/schema\/logo\/image\/\"}},{\"@type\":\"Person\",\"@id\":\"https:\/\/www.narsa-securiteroutiere.ma\/fr\/#\/schema\/person\/d4c26f2354e095533951fdc956b6f473\",\"name\":\"admin1\",\"url\":\"https:\/\/www.narsa-securiteroutiere.ma\/ar\/author\/admin1\/\"}]}<\/script>\n<!-- \/ Yoast SEO plugin. -->","yoast_head_json":{"title":"La s\u00e9curit\u00e9 routi\u00e8re partie int\u00e9grante du syst\u00e8me de s\u00e9curit\u00e9 au travail - S\u00e9curit\u00e9 Routi\u00e8re","description":"La Journ\u00e9e mondiale de la s\u00e9curit\u00e9 et de la sant\u00e9 au travail, c\u00e9l\u00e9br\u00e9e le 28 avril de chaque ann\u00e9e, constitue une occasion importante","robots":{"index":"index","follow":"follow","max-snippet":"max-snippet:-1","max-image-preview":"max-image-preview:large","max-video-preview":"max-video-preview:-1"},"canonical":"https:\/\/www.narsa-securiteroutiere.ma\/ar\/la-securite-routiere-partie-integrante-du-systeme-de-securite-au-travail\/","og_locale":"ar_AR","og_type":"article","og_title":"La s\u00e9curit\u00e9 routi\u00e8re partie int\u00e9grante du syst\u00e8me de s\u00e9curit\u00e9 au travail - S\u00e9curit\u00e9 Routi\u00e8re","og_description":"La Journ\u00e9e mondiale de la s\u00e9curit\u00e9 et de la sant\u00e9 au travail, c\u00e9l\u00e9br\u00e9e le 28 avril de chaque ann\u00e9e, constitue une occasion importante","og_url":"https:\/\/www.narsa-securiteroutiere.ma\/ar\/la-securite-routiere-partie-integrante-du-systeme-de-securite-au-travail\/","og_site_name":"S\u00e9curit\u00e9 Routi\u00e8re","article_published_time":"2026-04-28T14:35:16+00:00","article_modified_time":"2026-04-28T15:36:52+00:00","og_image":[{"width":1024,"height":868,"url":"https:\/\/www.narsa-securiteroutiere.ma\/wp-content\/uploads\/2026\/04\/article-img-jmst-blog.png","type":"image\/png"}],"author":"admin1","twitter_card":"summary_large_image","twitter_misc":{"\u0643\u064f\u062a\u0628 \u0628\u0648\u0627\u0633\u0637\u0629":"admin1","\u0648\u0642\u062a \u0627\u0644\u0642\u0631\u0627\u0621\u0629 \u0627\u0644\u0645\u064f\u0642\u062f\u0651\u0631":"5 \u062f\u0642\u0627\u0626\u0642"},"schema":{"@context":"https:\/\/schema.org","@graph":[{"@type":"Article","@id":"https:\/\/www.narsa-securiteroutiere.ma\/la-securite-routiere-partie-integrante-du-systeme-de-securite-au-travail\/#article","isPartOf":{"@id":"https:\/\/www.narsa-securiteroutiere.ma\/la-securite-routiere-partie-integrante-du-systeme-de-securite-au-travail\/"},"author":{"name":"admin1","@id":"https:\/\/www.narsa-securiteroutiere.ma\/fr\/#\/schema\/person\/d4c26f2354e095533951fdc956b6f473"},"headline":"La s\u00e9curit\u00e9 routi\u00e8re partie int\u00e9grante du syst\u00e8me de s\u00e9curit\u00e9 au travail","datePublished":"2026-04-28T14:35:16+00:00","dateModified":"2026-04-28T15:36:52+00:00","mainEntityOfPage":{"@id":"https:\/\/www.narsa-securiteroutiere.ma\/la-securite-routiere-partie-integrante-du-systeme-de-securite-au-travail\/"},"wordCount":1069,"publisher":{"@id":"https:\/\/www.narsa-securiteroutiere.ma\/fr\/#organization"},"image":{"@id":"https:\/\/www.narsa-securiteroutiere.ma\/la-securite-routiere-partie-integrante-du-systeme-de-securite-au-travail\/#primaryimage"},"thumbnailUrl":"https:\/\/www.narsa-securiteroutiere.ma\/wp-content\/uploads\/2026\/04\/article-img-jmst-blog.png","keywords":["Francais"],"articleSection":["S\u00e9curit\u00e9 routi\u00e8re"],"inLanguage":"ar"},{"@type":"WebPage","@id":"https:\/\/www.narsa-securiteroutiere.ma\/la-securite-routiere-partie-integrante-du-systeme-de-securite-au-travail\/","url":"https:\/\/www.narsa-securiteroutiere.ma\/la-securite-routiere-partie-integrante-du-systeme-de-securite-au-travail\/","name":"La s\u00e9curit\u00e9 routi\u00e8re partie int\u00e9grante du syst\u00e8me de s\u00e9curit\u00e9 au travail - S\u00e9curit\u00e9 Routi\u00e8re","isPartOf":{"@id":"https:\/\/www.narsa-securiteroutiere.ma\/fr\/#website"},"primaryImageOfPage":{"@id":"https:\/\/www.narsa-securiteroutiere.ma\/la-securite-routiere-partie-integrante-du-systeme-de-securite-au-travail\/#primaryimage"},"image":{"@id":"https:\/\/www.narsa-securiteroutiere.ma\/la-securite-routiere-partie-integrante-du-systeme-de-securite-au-travail\/#primaryimage"},"thumbnailUrl":"https:\/\/www.narsa-securiteroutiere.ma\/wp-content\/uploads\/2026\/04\/article-img-jmst-blog.png","datePublished":"2026-04-28T14:35:16+00:00","dateModified":"2026-04-28T15:36:52+00:00","description":"La Journ\u00e9e mondiale de la s\u00e9curit\u00e9 et de la sant\u00e9 au travail, c\u00e9l\u00e9br\u00e9e le 28 avril de chaque ann\u00e9e, constitue une occasion importante","inLanguage":"ar","potentialAction":[{"@type":"ReadAction","target":["https:\/\/www.narsa-securiteroutiere.ma\/la-securite-routiere-partie-integrante-du-systeme-de-securite-au-travail\/"]}]},{"@type":"ImageObject","inLanguage":"ar","@id":"https:\/\/www.narsa-securiteroutiere.ma\/la-securite-routiere-partie-integrante-du-systeme-de-securite-au-travail\/#primaryimage","url":"https:\/\/www.narsa-securiteroutiere.ma\/wp-content\/uploads\/2026\/04\/article-img-jmst-blog.png","contentUrl":"https:\/\/www.narsa-securiteroutiere.ma\/wp-content\/uploads\/2026\/04\/article-img-jmst-blog.png","width":1024,"height":868},{"@type":"WebSite","@id":"https:\/\/www.narsa-securiteroutiere.ma\/fr\/#website","url":"https:\/\/www.narsa-securiteroutiere.ma\/fr\/","name":"S\u00e9curit\u00e9 Routi\u00e8re","description":"","publisher":{"@id":"https:\/\/www.narsa-securiteroutiere.ma\/fr\/#organization"},"potentialAction":[{"@type":"SearchAction","target":{"@type":"EntryPoint","urlTemplate":"https:\/\/www.narsa-securiteroutiere.ma\/fr\/?s={search_term_string}"},"query-input":{"@type":"PropertyValueSpecification","valueRequired":true,"valueName":"search_term_string"}}],"inLanguage":"ar"},{"@type":"Organization","@id":"https:\/\/www.narsa-securiteroutiere.ma\/fr\/#organization","name":"S\u00e9curit\u00e9 Routi\u00e8re","url":"https:\/\/www.narsa-securiteroutiere.ma\/fr\/","logo":{"@type":"ImageObject","inLanguage":"ar","@id":"https:\/\/www.narsa-securiteroutiere.ma\/fr\/#\/schema\/logo\/image\/","url":"https:\/\/www.narsa-securiteroutiere.ma\/wp-content\/uploads\/2024\/04\/logo-scuriteroutiere.png","contentUrl":"https:\/\/www.narsa-securiteroutiere.ma\/wp-content\/uploads\/2024\/04\/logo-scuriteroutiere.png","width":222,"height":137,"caption":"S\u00e9curit\u00e9 Routi\u00e8re"},"image":{"@id":"https:\/\/www.narsa-securiteroutiere.ma\/fr\/#\/schema\/logo\/image\/"}},{"@type":"Person","@id":"https:\/\/www.narsa-securiteroutiere.ma\/fr\/#\/schema\/person\/d4c26f2354e095533951fdc956b6f473","name":"admin1","url":"https:\/\/www.narsa-securiteroutiere.ma\/ar\/author\/admin1\/"}]}},"_links":{"self":[{"href":"https:\/\/www.narsa-securiteroutiere.ma\/ar\/wp-json\/wp\/v2\/posts\/7673","targetHints":{"allow":["GET"]}}],"collection":[{"href":"https:\/\/www.narsa-securiteroutiere.ma\/ar\/wp-json\/wp\/v2\/posts"}],"about":[{"href":"https:\/\/www.narsa-securiteroutiere.ma\/ar\/wp-json\/wp\/v2\/types\/post"}],"author":[{"embeddable":true,"href":"https:\/\/www.narsa-securiteroutiere.ma\/ar\/wp-json\/wp\/v2\/users\/5"}],"replies":[{"embeddable":true,"href":"https:\/\/www.narsa-securiteroutiere.ma\/ar\/wp-json\/wp\/v2\/comments?post=7673"}],"version-history":[{"count":1,"href":"https:\/\/www.narsa-securiteroutiere.ma\/ar\/wp-json\/wp\/v2\/posts\/7673\/revisions"}],"predecessor-version":[{"id":7674,"href":"https:\/\/www.narsa-securiteroutiere.ma\/ar\/wp-json\/wp\/v2\/posts\/7673\/revisions\/7674"}],"wp:featuredmedia":[{"embeddable":true,"href":"https:\/\/www.narsa-securiteroutiere.ma\/ar\/wp-json\/wp\/v2\/media\/7675"}],"wp:attachment":[{"href":"https:\/\/www.narsa-securiteroutiere.ma\/ar\/wp-json\/wp\/v2\/media?parent=7673"}],"wp:term":[{"taxonomy":"category","embeddable":true,"href":"https:\/\/www.narsa-securiteroutiere.ma\/ar\/wp-json\/wp\/v2\/categories?post=7673"},{"taxonomy":"post_tag","embeddable":true,"href":"https:\/\/www.narsa-securiteroutiere.ma\/ar\/wp-json\/wp\/v2\/tags?post=7673"}],"curies":[{"name":"wp","href":"https:\/\/api.w.org\/{rel}","templated":true}]}}