{"id":7414,"date":"2025-08-15T15:00:01","date_gmt":"2025-08-15T13:00:01","guid":{"rendered":"https:\/\/www.narsa-securiteroutiere.ma\/?p=7414"},"modified":"2025-10-09T16:21:41","modified_gmt":"2025-10-09T14:21:41","slug":"les-embouteillages-estivaux-et-leurs-effets-sur-la-circulation","status":"publish","type":"post","link":"https:\/\/www.narsa-securiteroutiere.ma\/ar\/les-embouteillages-estivaux-et-leurs-effets-sur-la-circulation\/","title":{"rendered":"Pourquoi les usagers de deux-roues sont-ils consid\u00e9r\u00e9s comme une cat\u00e9gorie vuln\u00e9rable ?"},"content":{"rendered":"<p>Les motos sont un moyen de transport tr\u00e8s populaire au Maroc, gr\u00e2ce \u00e0 leur flexibilit\u00e9 et \u00e0 leur faible co\u00fbt par rapport aux voitures. Cependant, elles sont parmi les \u00ab cat\u00e9gories vuln\u00e9rables \u00bb en raison de l\u2019absence de protections offertes par les autres v\u00e9hicules, ce qui rend leurs usagers plus expos\u00e9s aux blessures graves ou aux d\u00e9c\u00e8s en cas d\u2019accident.<\/p>\n<p>En <strong>2024<\/strong>, les usagers de deux et trois roues restent parmi les plus touch\u00e9s, avec <strong>1 738 d\u00e9c\u00e8s<\/strong> enregistr\u00e9s selon l\u2019Agence Nationale de la S\u00e9curit\u00e9 Routi\u00e8re.<\/p>\n<h2><strong>Deux-roues : risques et d\u00e9fis<\/strong><\/h2>\n<p>Cette classification de \u00ab cat\u00e9gorie vuln\u00e9rable \u00bb s\u2019explique par plusieurs facteurs li\u00e9s entre eux. D\u2019abord, l\u2019absence d\u2019une structure protectrice entourant le conducteur ou le passager rend leur corps directement expos\u00e9 \u00e0 la force de l\u2019impact en cas de collision ou de renversement.<\/p>\n<p>Dans une voiture, la carrosserie, les ceintures de s\u00e9curit\u00e9 et les airbags absorbent une partie importante de la force de l\u2019accident. En revanche, sur une moto, c\u2019est le corps du conducteur qui encaisse l\u2019int\u00e9gralit\u00e9 du choc.<\/p>\n<p>La conduite d\u2019un deux-roues est particuli\u00e8rement sensible aux pertes d\u2019\u00e9quilibre. La moindre\u00a0 perte de contr\u00f4le caus\u00e9e par un nid-de-poule, un sol mouill\u00e9 ou un obstacle peut entra\u00eener une chute imm\u00e9diate, m\u00eame \u00e0 faible vitesse.<\/p>\n<p>La petite taille des motos les rend moins visibles pour les autres usagers, surtout aux intersections ou lors des changements de voie, augmentant le risque de collision. Ce danger est encore plus \u00e9lev\u00e9 la nuit ou par faible luminosit\u00e9, si le conducteur n\u2019utilise pas ses feux ou ne porte pas de v\u00eatements r\u00e9fl\u00e9chissants.<\/p>\n<p>Enfin, ces v\u00e9hicules manquent de syst\u00e8mes de s\u00e9curit\u00e9 int\u00e9gr\u00e9s. \u00c0 l\u2019exception du casque et de quelques \u00e9quipements basiques, la protection d\u00e9pend surtout de la vigilance du conducteur, rendant toute erreur ou retard de r\u00e9action potentiellement grave.<\/p>\n<h2><strong>Mesures pr\u00e9ventives pour renforcer la s\u00e9curit\u00e9 des motards<\/strong><\/h2>\n<p>L\u2019Agence Nationale de la S\u00e9curit\u00e9 Routi\u00e8re rappelle que la protection des usagers de deux-roues commence par le respect strict du Code de la route, et en particulier par le port d\u2019un casque homologu\u00e9. Celui-ci r\u00e9duit consid\u00e9rablement la gravit\u00e9 des blessures \u00e0 la t\u00eate, principales causes de d\u00e9c\u00e8s chez cette cat\u00e9gorie.<\/p>\n<p>Il est \u00e9galement fortement recommand\u00e9 de porter des v\u00eatements r\u00e9fl\u00e9chissants ou de couleurs claires, surtout la nuit ou par mauvais temps. Un geste simple qui augmente consid\u00e9rablement la visibilit\u00e9 aupr\u00e8s des autres conducteurs.<\/p>\n<p>L&rsquo;entretien r\u00e9gulier de votre moto est tout aussi important que les autres mesures de s\u00e9curit\u00e9. S&rsquo;assurer du bon fonctionnement des freins, des pneus et des feux peut r\u00e9duire les risques d&rsquo;accident. D&rsquo;o\u00f9 l&rsquo;importance d&rsquo;effectuer un contr\u00f4le complet de votre moto avant chaque trajet, surtout sur de longues distances.<\/p>\n<p>En r\u00e9sum\u00e9, le respect strict de ces mesures est essentiel pour pr\u00e9venir les accidents, am\u00e9liorer la s\u00e9curit\u00e9 et r\u00e9duire les d\u00e9c\u00e9s chez cette cat\u00e9gorie d\u2019usagers vuln\u00e9rables.<\/p>","protected":false},"excerpt":{"rendered":"<p>Les motos sont un moyen de transport tr\u00e8s populaire au Maroc, gr\u00e2ce \u00e0 leur flexibilit\u00e9 et \u00e0 leur faible co\u00fbt par rapport aux voitures. Cependant, elles sont parmi les \u00ab cat\u00e9gories vuln\u00e9rables \u00bb en raison de l\u2019absence de protections offertes par les autres v\u00e9hicules, ce qui rend leurs usagers plus expos\u00e9s aux blessures graves ou [&hellip;]<\/p>\n","protected":false},"author":5,"featured_media":3606,"comment_status":"closed","ping_status":"closed","sticky":false,"template":"","format":"standard","meta":{"footnotes":""},"categories":[192,163],"tags":[210],"class_list":["post-7414","post","type-post","status-publish","format-standard","has-post-thumbnail","hentry","category-moto","category-securite-routiere","tag-francais"],"yoast_head":"<!-- This site is optimized with the Yoast SEO plugin v27.1.1 - https:\/\/yoast.com\/product\/yoast-seo-wordpress\/ -->\n<title>Pourquoi les usagers de deux-roues sont-ils consid\u00e9r\u00e9s comme une cat\u00e9gorie vuln\u00e9rable ? - S\u00e9curit\u00e9 Routi\u00e8re<\/title>\n<meta name=\"description\" content=\"Avec l\u2019arriv\u00e9e de l\u2019\u00e9t\u00e9, les routes du Maroc connaissent une augmentation notable de la densit\u00e9 du trafic, en raison des d\u00e9placements\" \/>\n<meta name=\"robots\" content=\"index, follow, max-snippet:-1, max-image-preview:large, max-video-preview:-1\" \/>\n<link rel=\"canonical\" href=\"https:\/\/www.narsa-securiteroutiere.ma\/ar\/les-embouteillages-estivaux-et-leurs-effets-sur-la-circulation\/\" \/>\n<meta property=\"og:locale\" content=\"ar_AR\" \/>\n<meta property=\"og:type\" content=\"article\" \/>\n<meta property=\"og:title\" content=\"Pourquoi les usagers de deux-roues sont-ils consid\u00e9r\u00e9s comme une cat\u00e9gorie vuln\u00e9rable ? - S\u00e9curit\u00e9 Routi\u00e8re\" \/>\n<meta property=\"og:description\" content=\"Avec l\u2019arriv\u00e9e de l\u2019\u00e9t\u00e9, les routes du Maroc connaissent une augmentation notable de la densit\u00e9 du trafic, en raison des d\u00e9placements\" \/>\n<meta property=\"og:url\" content=\"https:\/\/www.narsa-securiteroutiere.ma\/ar\/les-embouteillages-estivaux-et-leurs-effets-sur-la-circulation\/\" \/>\n<meta property=\"og:site_name\" content=\"S\u00e9curit\u00e9 Routi\u00e8re\" \/>\n<meta property=\"article:published_time\" content=\"2025-08-15T13:00:01+00:00\" \/>\n<meta property=\"article:modified_time\" content=\"2025-10-09T14:21:41+00:00\" \/>\n<meta property=\"og:image\" content=\"https:\/\/www.narsa-securiteroutiere.ma\/wp-content\/uploads\/2022\/11\/registrationMotocycle.jpg\" \/>\n\t<meta property=\"og:image:width\" content=\"1080\" \/>\n\t<meta property=\"og:image:height\" content=\"665\" \/>\n\t<meta property=\"og:image:type\" content=\"image\/jpeg\" \/>\n<meta name=\"author\" content=\"admin1\" \/>\n<meta name=\"twitter:card\" content=\"summary_large_image\" \/>\n<meta name=\"twitter:label1\" content=\"\u0643\u064f\u062a\u0628 \u0628\u0648\u0627\u0633\u0637\u0629\" \/>\n\t<meta name=\"twitter:data1\" content=\"admin1\" \/>\n\t<meta name=\"twitter:label2\" content=\"\u0648\u0642\u062a \u0627\u0644\u0642\u0631\u0627\u0621\u0629 \u0627\u0644\u0645\u064f\u0642\u062f\u0651\u0631\" \/>\n\t<meta name=\"twitter:data2\" content=\"3 \u062f\u0642\u0627\u0626\u0642\" \/>\n<script type=\"application\/ld+json\" class=\"yoast-schema-graph\">{\"@context\":\"https:\/\/schema.org\",\"@graph\":[{\"@type\":\"Article\",\"@id\":\"https:\/\/www.narsa-securiteroutiere.ma\/les-embouteillages-estivaux-et-leurs-effets-sur-la-circulation\/#article\",\"isPartOf\":{\"@id\":\"https:\/\/www.narsa-securiteroutiere.ma\/les-embouteillages-estivaux-et-leurs-effets-sur-la-circulation\/\"},\"author\":{\"name\":\"admin1\",\"@id\":\"https:\/\/www.narsa-securiteroutiere.ma\/fr\/#\/schema\/person\/d4c26f2354e095533951fdc956b6f473\"},\"headline\":\"Pourquoi les usagers de deux-roues sont-ils consid\u00e9r\u00e9s comme une cat\u00e9gorie vuln\u00e9rable ?\",\"datePublished\":\"2025-08-15T13:00:01+00:00\",\"dateModified\":\"2025-10-09T14:21:41+00:00\",\"mainEntityOfPage\":{\"@id\":\"https:\/\/www.narsa-securiteroutiere.ma\/les-embouteillages-estivaux-et-leurs-effets-sur-la-circulation\/\"},\"wordCount\":547,\"publisher\":{\"@id\":\"https:\/\/www.narsa-securiteroutiere.ma\/fr\/#organization\"},\"image\":{\"@id\":\"https:\/\/www.narsa-securiteroutiere.ma\/les-embouteillages-estivaux-et-leurs-effets-sur-la-circulation\/#primaryimage\"},\"thumbnailUrl\":\"https:\/\/www.narsa-securiteroutiere.ma\/wp-content\/uploads\/2022\/11\/registrationMotocycle.jpg\",\"keywords\":[\"Francais\"],\"articleSection\":[\"MOTO\",\"S\u00e9curit\u00e9 routi\u00e8re\"],\"inLanguage\":\"ar\"},{\"@type\":\"WebPage\",\"@id\":\"https:\/\/www.narsa-securiteroutiere.ma\/les-embouteillages-estivaux-et-leurs-effets-sur-la-circulation\/\",\"url\":\"https:\/\/www.narsa-securiteroutiere.ma\/les-embouteillages-estivaux-et-leurs-effets-sur-la-circulation\/\",\"name\":\"Pourquoi les usagers de deux-roues sont-ils consid\u00e9r\u00e9s comme une cat\u00e9gorie vuln\u00e9rable ? - S\u00e9curit\u00e9 Routi\u00e8re\",\"isPartOf\":{\"@id\":\"https:\/\/www.narsa-securiteroutiere.ma\/fr\/#website\"},\"primaryImageOfPage\":{\"@id\":\"https:\/\/www.narsa-securiteroutiere.ma\/les-embouteillages-estivaux-et-leurs-effets-sur-la-circulation\/#primaryimage\"},\"image\":{\"@id\":\"https:\/\/www.narsa-securiteroutiere.ma\/les-embouteillages-estivaux-et-leurs-effets-sur-la-circulation\/#primaryimage\"},\"thumbnailUrl\":\"https:\/\/www.narsa-securiteroutiere.ma\/wp-content\/uploads\/2022\/11\/registrationMotocycle.jpg\",\"datePublished\":\"2025-08-15T13:00:01+00:00\",\"dateModified\":\"2025-10-09T14:21:41+00:00\",\"description\":\"Avec l\u2019arriv\u00e9e de l\u2019\u00e9t\u00e9, les routes du Maroc connaissent une augmentation notable de la densit\u00e9 du trafic, en raison des d\u00e9placements\",\"inLanguage\":\"ar\",\"potentialAction\":[{\"@type\":\"ReadAction\",\"target\":[\"https:\/\/www.narsa-securiteroutiere.ma\/les-embouteillages-estivaux-et-leurs-effets-sur-la-circulation\/\"]}]},{\"@type\":\"ImageObject\",\"inLanguage\":\"ar\",\"@id\":\"https:\/\/www.narsa-securiteroutiere.ma\/les-embouteillages-estivaux-et-leurs-effets-sur-la-circulation\/#primaryimage\",\"url\":\"https:\/\/www.narsa-securiteroutiere.ma\/wp-content\/uploads\/2022\/11\/registrationMotocycle.jpg\",\"contentUrl\":\"https:\/\/www.narsa-securiteroutiere.ma\/wp-content\/uploads\/2022\/11\/registrationMotocycle.jpg\",\"width\":1080,\"height\":665},{\"@type\":\"WebSite\",\"@id\":\"https:\/\/www.narsa-securiteroutiere.ma\/fr\/#website\",\"url\":\"https:\/\/www.narsa-securiteroutiere.ma\/fr\/\",\"name\":\"S\u00e9curit\u00e9 Routi\u00e8re\",\"description\":\"\",\"publisher\":{\"@id\":\"https:\/\/www.narsa-securiteroutiere.ma\/fr\/#organization\"},\"potentialAction\":[{\"@type\":\"SearchAction\",\"target\":{\"@type\":\"EntryPoint\",\"urlTemplate\":\"https:\/\/www.narsa-securiteroutiere.ma\/fr\/?s={search_term_string}\"},\"query-input\":{\"@type\":\"PropertyValueSpecification\",\"valueRequired\":true,\"valueName\":\"search_term_string\"}}],\"inLanguage\":\"ar\"},{\"@type\":\"Organization\",\"@id\":\"https:\/\/www.narsa-securiteroutiere.ma\/fr\/#organization\",\"name\":\"S\u00e9curit\u00e9 Routi\u00e8re\",\"url\":\"https:\/\/www.narsa-securiteroutiere.ma\/fr\/\",\"logo\":{\"@type\":\"ImageObject\",\"inLanguage\":\"ar\",\"@id\":\"https:\/\/www.narsa-securiteroutiere.ma\/fr\/#\/schema\/logo\/image\/\",\"url\":\"https:\/\/www.narsa-securiteroutiere.ma\/wp-content\/uploads\/2024\/04\/logo-scuriteroutiere.png\",\"contentUrl\":\"https:\/\/www.narsa-securiteroutiere.ma\/wp-content\/uploads\/2024\/04\/logo-scuriteroutiere.png\",\"width\":222,\"height\":137,\"caption\":\"S\u00e9curit\u00e9 Routi\u00e8re\"},\"image\":{\"@id\":\"https:\/\/www.narsa-securiteroutiere.ma\/fr\/#\/schema\/logo\/image\/\"}},{\"@type\":\"Person\",\"@id\":\"https:\/\/www.narsa-securiteroutiere.ma\/fr\/#\/schema\/person\/d4c26f2354e095533951fdc956b6f473\",\"name\":\"admin1\",\"url\":\"https:\/\/www.narsa-securiteroutiere.ma\/ar\/author\/admin1\/\"}]}<\/script>\n<!-- \/ Yoast SEO plugin. -->","yoast_head_json":{"title":"Pourquoi les usagers de deux-roues sont-ils consid\u00e9r\u00e9s comme une cat\u00e9gorie vuln\u00e9rable ? - S\u00e9curit\u00e9 Routi\u00e8re","description":"Avec l\u2019arriv\u00e9e de l\u2019\u00e9t\u00e9, les routes du Maroc connaissent une augmentation notable de la densit\u00e9 du trafic, en raison des d\u00e9placements","robots":{"index":"index","follow":"follow","max-snippet":"max-snippet:-1","max-image-preview":"max-image-preview:large","max-video-preview":"max-video-preview:-1"},"canonical":"https:\/\/www.narsa-securiteroutiere.ma\/ar\/les-embouteillages-estivaux-et-leurs-effets-sur-la-circulation\/","og_locale":"ar_AR","og_type":"article","og_title":"Pourquoi les usagers de deux-roues sont-ils consid\u00e9r\u00e9s comme une cat\u00e9gorie vuln\u00e9rable ? - S\u00e9curit\u00e9 Routi\u00e8re","og_description":"Avec l\u2019arriv\u00e9e de l\u2019\u00e9t\u00e9, les routes du Maroc connaissent une augmentation notable de la densit\u00e9 du trafic, en raison des d\u00e9placements","og_url":"https:\/\/www.narsa-securiteroutiere.ma\/ar\/les-embouteillages-estivaux-et-leurs-effets-sur-la-circulation\/","og_site_name":"S\u00e9curit\u00e9 Routi\u00e8re","article_published_time":"2025-08-15T13:00:01+00:00","article_modified_time":"2025-10-09T14:21:41+00:00","og_image":[{"width":1080,"height":665,"url":"https:\/\/www.narsa-securiteroutiere.ma\/wp-content\/uploads\/2022\/11\/registrationMotocycle.jpg","type":"image\/jpeg"}],"author":"admin1","twitter_card":"summary_large_image","twitter_misc":{"\u0643\u064f\u062a\u0628 \u0628\u0648\u0627\u0633\u0637\u0629":"admin1","\u0648\u0642\u062a \u0627\u0644\u0642\u0631\u0627\u0621\u0629 \u0627\u0644\u0645\u064f\u0642\u062f\u0651\u0631":"3 \u062f\u0642\u0627\u0626\u0642"},"schema":{"@context":"https:\/\/schema.org","@graph":[{"@type":"Article","@id":"https:\/\/www.narsa-securiteroutiere.ma\/les-embouteillages-estivaux-et-leurs-effets-sur-la-circulation\/#article","isPartOf":{"@id":"https:\/\/www.narsa-securiteroutiere.ma\/les-embouteillages-estivaux-et-leurs-effets-sur-la-circulation\/"},"author":{"name":"admin1","@id":"https:\/\/www.narsa-securiteroutiere.ma\/fr\/#\/schema\/person\/d4c26f2354e095533951fdc956b6f473"},"headline":"Pourquoi les usagers de deux-roues sont-ils consid\u00e9r\u00e9s comme une cat\u00e9gorie vuln\u00e9rable ?","datePublished":"2025-08-15T13:00:01+00:00","dateModified":"2025-10-09T14:21:41+00:00","mainEntityOfPage":{"@id":"https:\/\/www.narsa-securiteroutiere.ma\/les-embouteillages-estivaux-et-leurs-effets-sur-la-circulation\/"},"wordCount":547,"publisher":{"@id":"https:\/\/www.narsa-securiteroutiere.ma\/fr\/#organization"},"image":{"@id":"https:\/\/www.narsa-securiteroutiere.ma\/les-embouteillages-estivaux-et-leurs-effets-sur-la-circulation\/#primaryimage"},"thumbnailUrl":"https:\/\/www.narsa-securiteroutiere.ma\/wp-content\/uploads\/2022\/11\/registrationMotocycle.jpg","keywords":["Francais"],"articleSection":["MOTO","S\u00e9curit\u00e9 routi\u00e8re"],"inLanguage":"ar"},{"@type":"WebPage","@id":"https:\/\/www.narsa-securiteroutiere.ma\/les-embouteillages-estivaux-et-leurs-effets-sur-la-circulation\/","url":"https:\/\/www.narsa-securiteroutiere.ma\/les-embouteillages-estivaux-et-leurs-effets-sur-la-circulation\/","name":"Pourquoi les usagers de deux-roues sont-ils consid\u00e9r\u00e9s comme une cat\u00e9gorie vuln\u00e9rable ? - S\u00e9curit\u00e9 Routi\u00e8re","isPartOf":{"@id":"https:\/\/www.narsa-securiteroutiere.ma\/fr\/#website"},"primaryImageOfPage":{"@id":"https:\/\/www.narsa-securiteroutiere.ma\/les-embouteillages-estivaux-et-leurs-effets-sur-la-circulation\/#primaryimage"},"image":{"@id":"https:\/\/www.narsa-securiteroutiere.ma\/les-embouteillages-estivaux-et-leurs-effets-sur-la-circulation\/#primaryimage"},"thumbnailUrl":"https:\/\/www.narsa-securiteroutiere.ma\/wp-content\/uploads\/2022\/11\/registrationMotocycle.jpg","datePublished":"2025-08-15T13:00:01+00:00","dateModified":"2025-10-09T14:21:41+00:00","description":"Avec l\u2019arriv\u00e9e de l\u2019\u00e9t\u00e9, les routes du Maroc connaissent une augmentation notable de la densit\u00e9 du trafic, en raison des d\u00e9placements","inLanguage":"ar","potentialAction":[{"@type":"ReadAction","target":["https:\/\/www.narsa-securiteroutiere.ma\/les-embouteillages-estivaux-et-leurs-effets-sur-la-circulation\/"]}]},{"@type":"ImageObject","inLanguage":"ar","@id":"https:\/\/www.narsa-securiteroutiere.ma\/les-embouteillages-estivaux-et-leurs-effets-sur-la-circulation\/#primaryimage","url":"https:\/\/www.narsa-securiteroutiere.ma\/wp-content\/uploads\/2022\/11\/registrationMotocycle.jpg","contentUrl":"https:\/\/www.narsa-securiteroutiere.ma\/wp-content\/uploads\/2022\/11\/registrationMotocycle.jpg","width":1080,"height":665},{"@type":"WebSite","@id":"https:\/\/www.narsa-securiteroutiere.ma\/fr\/#website","url":"https:\/\/www.narsa-securiteroutiere.ma\/fr\/","name":"S\u00e9curit\u00e9 Routi\u00e8re","description":"","publisher":{"@id":"https:\/\/www.narsa-securiteroutiere.ma\/fr\/#organization"},"potentialAction":[{"@type":"SearchAction","target":{"@type":"EntryPoint","urlTemplate":"https:\/\/www.narsa-securiteroutiere.ma\/fr\/?s={search_term_string}"},"query-input":{"@type":"PropertyValueSpecification","valueRequired":true,"valueName":"search_term_string"}}],"inLanguage":"ar"},{"@type":"Organization","@id":"https:\/\/www.narsa-securiteroutiere.ma\/fr\/#organization","name":"S\u00e9curit\u00e9 Routi\u00e8re","url":"https:\/\/www.narsa-securiteroutiere.ma\/fr\/","logo":{"@type":"ImageObject","inLanguage":"ar","@id":"https:\/\/www.narsa-securiteroutiere.ma\/fr\/#\/schema\/logo\/image\/","url":"https:\/\/www.narsa-securiteroutiere.ma\/wp-content\/uploads\/2024\/04\/logo-scuriteroutiere.png","contentUrl":"https:\/\/www.narsa-securiteroutiere.ma\/wp-content\/uploads\/2024\/04\/logo-scuriteroutiere.png","width":222,"height":137,"caption":"S\u00e9curit\u00e9 Routi\u00e8re"},"image":{"@id":"https:\/\/www.narsa-securiteroutiere.ma\/fr\/#\/schema\/logo\/image\/"}},{"@type":"Person","@id":"https:\/\/www.narsa-securiteroutiere.ma\/fr\/#\/schema\/person\/d4c26f2354e095533951fdc956b6f473","name":"admin1","url":"https:\/\/www.narsa-securiteroutiere.ma\/ar\/author\/admin1\/"}]}},"_links":{"self":[{"href":"https:\/\/www.narsa-securiteroutiere.ma\/ar\/wp-json\/wp\/v2\/posts\/7414","targetHints":{"allow":["GET"]}}],"collection":[{"href":"https:\/\/www.narsa-securiteroutiere.ma\/ar\/wp-json\/wp\/v2\/posts"}],"about":[{"href":"https:\/\/www.narsa-securiteroutiere.ma\/ar\/wp-json\/wp\/v2\/types\/post"}],"author":[{"embeddable":true,"href":"https:\/\/www.narsa-securiteroutiere.ma\/ar\/wp-json\/wp\/v2\/users\/5"}],"replies":[{"embeddable":true,"href":"https:\/\/www.narsa-securiteroutiere.ma\/ar\/wp-json\/wp\/v2\/comments?post=7414"}],"version-history":[{"count":2,"href":"https:\/\/www.narsa-securiteroutiere.ma\/ar\/wp-json\/wp\/v2\/posts\/7414\/revisions"}],"predecessor-version":[{"id":7420,"href":"https:\/\/www.narsa-securiteroutiere.ma\/ar\/wp-json\/wp\/v2\/posts\/7414\/revisions\/7420"}],"wp:featuredmedia":[{"embeddable":true,"href":"https:\/\/www.narsa-securiteroutiere.ma\/ar\/wp-json\/wp\/v2\/media\/3606"}],"wp:attachment":[{"href":"https:\/\/www.narsa-securiteroutiere.ma\/ar\/wp-json\/wp\/v2\/media?parent=7414"}],"wp:term":[{"taxonomy":"category","embeddable":true,"href":"https:\/\/www.narsa-securiteroutiere.ma\/ar\/wp-json\/wp\/v2\/categories?post=7414"},{"taxonomy":"post_tag","embeddable":true,"href":"https:\/\/www.narsa-securiteroutiere.ma\/ar\/wp-json\/wp\/v2\/tags?post=7414"}],"curies":[{"name":"wp","href":"https:\/\/api.w.org\/{rel}","templated":true}]}}