{"id":2734,"date":"2020-07-14T13:28:53","date_gmt":"2020-07-14T11:28:53","guid":{"rendered":"https:\/\/www.narsa-securiteroutiere.ma\/?p=2734"},"modified":"2024-11-12T18:34:51","modified_gmt":"2024-11-12T17:34:51","slug":"ce-quil-faut-savoir-pour-bien-attacher-vos-enfants-en-voiture","status":"publish","type":"post","link":"https:\/\/www.narsa-securiteroutiere.ma\/ar\/ce-quil-faut-savoir-pour-bien-attacher-vos-enfants-en-voiture\/","title":{"rendered":"Ce qu\u2019il faut savoir pour bien attacher vos enfants en voiture"},"content":{"rendered":"\u0647\u0630\u0627 \u0627\u0644\u0645\u0642\u0627\u0644 \u0628\u0627\u0644\u0644\u063a\u0629 \u0627\u0644\u0641\u0631\u0646\u0633\u064a\u0629 <a href=\"\/ar\/ce-quil-faut-savoir-pour-bien-attacher-vos-enfants-en-voiture\/\" rel=\"noopener\">\u0627\u0646\u0638\u0631 \u0627\u0644\u0645\u0642\u0627\u0644<\/a>.","protected":false},"excerpt":{"rendered":"","protected":false},"author":9,"featured_media":2731,"comment_status":"closed","ping_status":"closed","sticky":false,"template":"","format":"standard","meta":{"footnotes":""},"categories":[163],"tags":[210],"class_list":["post-2734","post","type-post","status-publish","format-standard","has-post-thumbnail","hentry","category-securite-routiere","tag-francais"],"yoast_head":"<!-- This site is optimized with the Yoast SEO plugin v27.1.1 - https:\/\/yoast.com\/product\/yoast-seo-wordpress\/ -->\n<title>Ce qu\u2019il faut savoir pour bien attacher vos enfants en voiture - S\u00e9curit\u00e9 Routi\u00e8re<\/title>\n<meta name=\"description\" content=\"Pour un court trajet comme sur la route des vacances, la s\u00e9curit\u00e9 impose d\u2019attacher vos enfants dans la voiture. Encore faut-il le faire...\" \/>\n<meta name=\"robots\" content=\"index, follow, max-snippet:-1, max-image-preview:large, max-video-preview:-1\" \/>\n<link rel=\"canonical\" href=\"https:\/\/www.narsa-securiteroutiere.ma\/ar\/ce-quil-faut-savoir-pour-bien-attacher-vos-enfants-en-voiture\/\" \/>\n<meta property=\"og:locale\" content=\"ar_AR\" \/>\n<meta property=\"og:type\" content=\"article\" \/>\n<meta property=\"og:title\" content=\"Ce qu\u2019il faut savoir pour bien attacher vos enfants en voiture - S\u00e9curit\u00e9 Routi\u00e8re\" \/>\n<meta property=\"og:description\" content=\"Pour un court trajet comme sur la route des vacances, la s\u00e9curit\u00e9 impose d\u2019attacher vos enfants dans la voiture. Encore faut-il le faire...\" \/>\n<meta property=\"og:url\" content=\"https:\/\/www.narsa-securiteroutiere.ma\/ar\/ce-quil-faut-savoir-pour-bien-attacher-vos-enfants-en-voiture\/\" \/>\n<meta property=\"og:site_name\" content=\"S\u00e9curit\u00e9 Routi\u00e8re\" \/>\n<meta property=\"article:published_time\" content=\"2020-07-14T11:28:53+00:00\" \/>\n<meta property=\"article:modified_time\" content=\"2024-11-12T17:34:51+00:00\" \/>\n<meta property=\"og:image\" content=\"https:\/\/www.narsa-securiteroutiere.ma\/wp-content\/uploads\/2020\/07\/enfants-en-voiture.jpg\" \/>\n\t<meta property=\"og:image:width\" content=\"1688\" \/>\n\t<meta property=\"og:image:height\" content=\"1055\" \/>\n\t<meta property=\"og:image:type\" content=\"image\/jpeg\" \/>\n<meta name=\"author\" content=\"admin\" \/>\n<meta name=\"twitter:card\" content=\"summary_large_image\" \/>\n<meta name=\"twitter:label1\" content=\"\u0643\u064f\u062a\u0628 \u0628\u0648\u0627\u0633\u0637\u0629\" \/>\n\t<meta name=\"twitter:data1\" content=\"admin\" \/>\n\t<meta name=\"twitter:label2\" content=\"\u0648\u0642\u062a \u0627\u0644\u0642\u0631\u0627\u0621\u0629 \u0627\u0644\u0645\u064f\u0642\u062f\u0651\u0631\" \/>\n\t<meta name=\"twitter:data2\" content=\"3 \u062f\u0642\u0627\u0626\u0642\" \/>\n<script type=\"application\/ld+json\" class=\"yoast-schema-graph\">{\"@context\":\"https:\/\/schema.org\",\"@graph\":[{\"@type\":\"Article\",\"@id\":\"https:\/\/www.narsa-securiteroutiere.ma\/ar\/ce-quil-faut-savoir-pour-bien-attacher-vos-enfants-en-voiture\/#article\",\"isPartOf\":{\"@id\":\"https:\/\/www.narsa-securiteroutiere.ma\/ar\/ce-quil-faut-savoir-pour-bien-attacher-vos-enfants-en-voiture\/\"},\"author\":{\"name\":\"admin\",\"@id\":\"https:\/\/www.narsa-securiteroutiere.ma\/fr\/#\/schema\/person\/168b025d54979fe5aac4b20a4c5b1f6d\"},\"headline\":\"Ce qu\u2019il faut savoir pour bien attacher vos enfants en voiture\",\"datePublished\":\"2020-07-14T11:28:53+00:00\",\"dateModified\":\"2024-11-12T17:34:51+00:00\",\"mainEntityOfPage\":{\"@id\":\"https:\/\/www.narsa-securiteroutiere.ma\/ar\/ce-quil-faut-savoir-pour-bien-attacher-vos-enfants-en-voiture\/\"},\"wordCount\":551,\"publisher\":{\"@id\":\"https:\/\/www.narsa-securiteroutiere.ma\/fr\/#organization\"},\"image\":{\"@id\":\"https:\/\/www.narsa-securiteroutiere.ma\/ar\/ce-quil-faut-savoir-pour-bien-attacher-vos-enfants-en-voiture\/#primaryimage\"},\"thumbnailUrl\":\"https:\/\/www.narsa-securiteroutiere.ma\/wp-content\/uploads\/2020\/07\/enfants-en-voiture.jpg\",\"keywords\":[\"Francais\"],\"articleSection\":[\"S\u00e9curit\u00e9 routi\u00e8re\"],\"inLanguage\":\"ar\"},{\"@type\":\"WebPage\",\"@id\":\"https:\/\/www.narsa-securiteroutiere.ma\/ar\/ce-quil-faut-savoir-pour-bien-attacher-vos-enfants-en-voiture\/\",\"url\":\"https:\/\/www.narsa-securiteroutiere.ma\/ar\/ce-quil-faut-savoir-pour-bien-attacher-vos-enfants-en-voiture\/\",\"name\":\"Ce qu\u2019il faut savoir pour bien attacher vos enfants en voiture - S\u00e9curit\u00e9 Routi\u00e8re\",\"isPartOf\":{\"@id\":\"https:\/\/www.narsa-securiteroutiere.ma\/fr\/#website\"},\"primaryImageOfPage\":{\"@id\":\"https:\/\/www.narsa-securiteroutiere.ma\/ar\/ce-quil-faut-savoir-pour-bien-attacher-vos-enfants-en-voiture\/#primaryimage\"},\"image\":{\"@id\":\"https:\/\/www.narsa-securiteroutiere.ma\/ar\/ce-quil-faut-savoir-pour-bien-attacher-vos-enfants-en-voiture\/#primaryimage\"},\"thumbnailUrl\":\"https:\/\/www.narsa-securiteroutiere.ma\/wp-content\/uploads\/2020\/07\/enfants-en-voiture.jpg\",\"datePublished\":\"2020-07-14T11:28:53+00:00\",\"dateModified\":\"2024-11-12T17:34:51+00:00\",\"description\":\"Pour un court trajet comme sur la route des vacances, la s\u00e9curit\u00e9 impose d\u2019attacher vos enfants dans la voiture. Encore faut-il le faire...\",\"inLanguage\":\"ar\",\"potentialAction\":[{\"@type\":\"ReadAction\",\"target\":[\"https:\/\/www.narsa-securiteroutiere.ma\/ar\/ce-quil-faut-savoir-pour-bien-attacher-vos-enfants-en-voiture\/\"]}]},{\"@type\":\"ImageObject\",\"inLanguage\":\"ar\",\"@id\":\"https:\/\/www.narsa-securiteroutiere.ma\/ar\/ce-quil-faut-savoir-pour-bien-attacher-vos-enfants-en-voiture\/#primaryimage\",\"url\":\"https:\/\/www.narsa-securiteroutiere.ma\/wp-content\/uploads\/2020\/07\/enfants-en-voiture.jpg\",\"contentUrl\":\"https:\/\/www.narsa-securiteroutiere.ma\/wp-content\/uploads\/2020\/07\/enfants-en-voiture.jpg\",\"width\":1688,\"height\":1055},{\"@type\":\"WebSite\",\"@id\":\"https:\/\/www.narsa-securiteroutiere.ma\/fr\/#website\",\"url\":\"https:\/\/www.narsa-securiteroutiere.ma\/fr\/\",\"name\":\"S\u00e9curit\u00e9 Routi\u00e8re\",\"description\":\"\",\"publisher\":{\"@id\":\"https:\/\/www.narsa-securiteroutiere.ma\/fr\/#organization\"},\"potentialAction\":[{\"@type\":\"SearchAction\",\"target\":{\"@type\":\"EntryPoint\",\"urlTemplate\":\"https:\/\/www.narsa-securiteroutiere.ma\/fr\/?s={search_term_string}\"},\"query-input\":{\"@type\":\"PropertyValueSpecification\",\"valueRequired\":true,\"valueName\":\"search_term_string\"}}],\"inLanguage\":\"ar\"},{\"@type\":\"Organization\",\"@id\":\"https:\/\/www.narsa-securiteroutiere.ma\/fr\/#organization\",\"name\":\"S\u00e9curit\u00e9 Routi\u00e8re\",\"url\":\"https:\/\/www.narsa-securiteroutiere.ma\/fr\/\",\"logo\":{\"@type\":\"ImageObject\",\"inLanguage\":\"ar\",\"@id\":\"https:\/\/www.narsa-securiteroutiere.ma\/fr\/#\/schema\/logo\/image\/\",\"url\":\"https:\/\/www.narsa-securiteroutiere.ma\/wp-content\/uploads\/2024\/04\/logo-scuriteroutiere.png\",\"contentUrl\":\"https:\/\/www.narsa-securiteroutiere.ma\/wp-content\/uploads\/2024\/04\/logo-scuriteroutiere.png\",\"width\":222,\"height\":137,\"caption\":\"S\u00e9curit\u00e9 Routi\u00e8re\"},\"image\":{\"@id\":\"https:\/\/www.narsa-securiteroutiere.ma\/fr\/#\/schema\/logo\/image\/\"}},{\"@type\":\"Person\",\"@id\":\"https:\/\/www.narsa-securiteroutiere.ma\/fr\/#\/schema\/person\/168b025d54979fe5aac4b20a4c5b1f6d\",\"name\":\"admin\",\"url\":\"https:\/\/www.narsa-securiteroutiere.ma\/ar\/author\/admin-2\/\"}]}<\/script>\n<!-- \/ Yoast SEO plugin. -->","yoast_head_json":{"title":"Ce qu\u2019il faut savoir pour bien attacher vos enfants en voiture - S\u00e9curit\u00e9 Routi\u00e8re","description":"Pour un court trajet comme sur la route des vacances, la s\u00e9curit\u00e9 impose d\u2019attacher vos enfants dans la voiture. Encore faut-il le faire...","robots":{"index":"index","follow":"follow","max-snippet":"max-snippet:-1","max-image-preview":"max-image-preview:large","max-video-preview":"max-video-preview:-1"},"canonical":"https:\/\/www.narsa-securiteroutiere.ma\/ar\/ce-quil-faut-savoir-pour-bien-attacher-vos-enfants-en-voiture\/","og_locale":"ar_AR","og_type":"article","og_title":"Ce qu\u2019il faut savoir pour bien attacher vos enfants en voiture - S\u00e9curit\u00e9 Routi\u00e8re","og_description":"Pour un court trajet comme sur la route des vacances, la s\u00e9curit\u00e9 impose d\u2019attacher vos enfants dans la voiture. Encore faut-il le faire...","og_url":"https:\/\/www.narsa-securiteroutiere.ma\/ar\/ce-quil-faut-savoir-pour-bien-attacher-vos-enfants-en-voiture\/","og_site_name":"S\u00e9curit\u00e9 Routi\u00e8re","article_published_time":"2020-07-14T11:28:53+00:00","article_modified_time":"2024-11-12T17:34:51+00:00","og_image":[{"width":1688,"height":1055,"url":"https:\/\/www.narsa-securiteroutiere.ma\/wp-content\/uploads\/2020\/07\/enfants-en-voiture.jpg","type":"image\/jpeg"}],"author":"admin","twitter_card":"summary_large_image","twitter_misc":{"\u0643\u064f\u062a\u0628 \u0628\u0648\u0627\u0633\u0637\u0629":"admin","\u0648\u0642\u062a \u0627\u0644\u0642\u0631\u0627\u0621\u0629 \u0627\u0644\u0645\u064f\u0642\u062f\u0651\u0631":"3 \u062f\u0642\u0627\u0626\u0642"},"schema":{"@context":"https:\/\/schema.org","@graph":[{"@type":"Article","@id":"https:\/\/www.narsa-securiteroutiere.ma\/ar\/ce-quil-faut-savoir-pour-bien-attacher-vos-enfants-en-voiture\/#article","isPartOf":{"@id":"https:\/\/www.narsa-securiteroutiere.ma\/ar\/ce-quil-faut-savoir-pour-bien-attacher-vos-enfants-en-voiture\/"},"author":{"name":"admin","@id":"https:\/\/www.narsa-securiteroutiere.ma\/fr\/#\/schema\/person\/168b025d54979fe5aac4b20a4c5b1f6d"},"headline":"Ce qu\u2019il faut savoir pour bien attacher vos enfants en voiture","datePublished":"2020-07-14T11:28:53+00:00","dateModified":"2024-11-12T17:34:51+00:00","mainEntityOfPage":{"@id":"https:\/\/www.narsa-securiteroutiere.ma\/ar\/ce-quil-faut-savoir-pour-bien-attacher-vos-enfants-en-voiture\/"},"wordCount":551,"publisher":{"@id":"https:\/\/www.narsa-securiteroutiere.ma\/fr\/#organization"},"image":{"@id":"https:\/\/www.narsa-securiteroutiere.ma\/ar\/ce-quil-faut-savoir-pour-bien-attacher-vos-enfants-en-voiture\/#primaryimage"},"thumbnailUrl":"https:\/\/www.narsa-securiteroutiere.ma\/wp-content\/uploads\/2020\/07\/enfants-en-voiture.jpg","keywords":["Francais"],"articleSection":["S\u00e9curit\u00e9 routi\u00e8re"],"inLanguage":"ar"},{"@type":"WebPage","@id":"https:\/\/www.narsa-securiteroutiere.ma\/ar\/ce-quil-faut-savoir-pour-bien-attacher-vos-enfants-en-voiture\/","url":"https:\/\/www.narsa-securiteroutiere.ma\/ar\/ce-quil-faut-savoir-pour-bien-attacher-vos-enfants-en-voiture\/","name":"Ce qu\u2019il faut savoir pour bien attacher vos enfants en voiture - S\u00e9curit\u00e9 Routi\u00e8re","isPartOf":{"@id":"https:\/\/www.narsa-securiteroutiere.ma\/fr\/#website"},"primaryImageOfPage":{"@id":"https:\/\/www.narsa-securiteroutiere.ma\/ar\/ce-quil-faut-savoir-pour-bien-attacher-vos-enfants-en-voiture\/#primaryimage"},"image":{"@id":"https:\/\/www.narsa-securiteroutiere.ma\/ar\/ce-quil-faut-savoir-pour-bien-attacher-vos-enfants-en-voiture\/#primaryimage"},"thumbnailUrl":"https:\/\/www.narsa-securiteroutiere.ma\/wp-content\/uploads\/2020\/07\/enfants-en-voiture.jpg","datePublished":"2020-07-14T11:28:53+00:00","dateModified":"2024-11-12T17:34:51+00:00","description":"Pour un court trajet comme sur la route des vacances, la s\u00e9curit\u00e9 impose d\u2019attacher vos enfants dans la voiture. Encore faut-il le faire...","inLanguage":"ar","potentialAction":[{"@type":"ReadAction","target":["https:\/\/www.narsa-securiteroutiere.ma\/ar\/ce-quil-faut-savoir-pour-bien-attacher-vos-enfants-en-voiture\/"]}]},{"@type":"ImageObject","inLanguage":"ar","@id":"https:\/\/www.narsa-securiteroutiere.ma\/ar\/ce-quil-faut-savoir-pour-bien-attacher-vos-enfants-en-voiture\/#primaryimage","url":"https:\/\/www.narsa-securiteroutiere.ma\/wp-content\/uploads\/2020\/07\/enfants-en-voiture.jpg","contentUrl":"https:\/\/www.narsa-securiteroutiere.ma\/wp-content\/uploads\/2020\/07\/enfants-en-voiture.jpg","width":1688,"height":1055},{"@type":"WebSite","@id":"https:\/\/www.narsa-securiteroutiere.ma\/fr\/#website","url":"https:\/\/www.narsa-securiteroutiere.ma\/fr\/","name":"S\u00e9curit\u00e9 Routi\u00e8re","description":"","publisher":{"@id":"https:\/\/www.narsa-securiteroutiere.ma\/fr\/#organization"},"potentialAction":[{"@type":"SearchAction","target":{"@type":"EntryPoint","urlTemplate":"https:\/\/www.narsa-securiteroutiere.ma\/fr\/?s={search_term_string}"},"query-input":{"@type":"PropertyValueSpecification","valueRequired":true,"valueName":"search_term_string"}}],"inLanguage":"ar"},{"@type":"Organization","@id":"https:\/\/www.narsa-securiteroutiere.ma\/fr\/#organization","name":"S\u00e9curit\u00e9 Routi\u00e8re","url":"https:\/\/www.narsa-securiteroutiere.ma\/fr\/","logo":{"@type":"ImageObject","inLanguage":"ar","@id":"https:\/\/www.narsa-securiteroutiere.ma\/fr\/#\/schema\/logo\/image\/","url":"https:\/\/www.narsa-securiteroutiere.ma\/wp-content\/uploads\/2024\/04\/logo-scuriteroutiere.png","contentUrl":"https:\/\/www.narsa-securiteroutiere.ma\/wp-content\/uploads\/2024\/04\/logo-scuriteroutiere.png","width":222,"height":137,"caption":"S\u00e9curit\u00e9 Routi\u00e8re"},"image":{"@id":"https:\/\/www.narsa-securiteroutiere.ma\/fr\/#\/schema\/logo\/image\/"}},{"@type":"Person","@id":"https:\/\/www.narsa-securiteroutiere.ma\/fr\/#\/schema\/person\/168b025d54979fe5aac4b20a4c5b1f6d","name":"admin","url":"https:\/\/www.narsa-securiteroutiere.ma\/ar\/author\/admin-2\/"}]}},"_links":{"self":[{"href":"https:\/\/www.narsa-securiteroutiere.ma\/ar\/wp-json\/wp\/v2\/posts\/2734","targetHints":{"allow":["GET"]}}],"collection":[{"href":"https:\/\/www.narsa-securiteroutiere.ma\/ar\/wp-json\/wp\/v2\/posts"}],"about":[{"href":"https:\/\/www.narsa-securiteroutiere.ma\/ar\/wp-json\/wp\/v2\/types\/post"}],"author":[{"embeddable":true,"href":"https:\/\/www.narsa-securiteroutiere.ma\/ar\/wp-json\/wp\/v2\/users\/9"}],"replies":[{"embeddable":true,"href":"https:\/\/www.narsa-securiteroutiere.ma\/ar\/wp-json\/wp\/v2\/comments?post=2734"}],"version-history":[{"count":6,"href":"https:\/\/www.narsa-securiteroutiere.ma\/ar\/wp-json\/wp\/v2\/posts\/2734\/revisions"}],"predecessor-version":[{"id":6858,"href":"https:\/\/www.narsa-securiteroutiere.ma\/ar\/wp-json\/wp\/v2\/posts\/2734\/revisions\/6858"}],"wp:featuredmedia":[{"embeddable":true,"href":"https:\/\/www.narsa-securiteroutiere.ma\/ar\/wp-json\/wp\/v2\/media\/2731"}],"wp:attachment":[{"href":"https:\/\/www.narsa-securiteroutiere.ma\/ar\/wp-json\/wp\/v2\/media?parent=2734"}],"wp:term":[{"taxonomy":"category","embeddable":true,"href":"https:\/\/www.narsa-securiteroutiere.ma\/ar\/wp-json\/wp\/v2\/categories?post=2734"},{"taxonomy":"post_tag","embeddable":true,"href":"https:\/\/www.narsa-securiteroutiere.ma\/ar\/wp-json\/wp\/v2\/tags?post=2734"}],"curies":[{"name":"wp","href":"https:\/\/api.w.org\/{rel}","templated":true}]}}